{"id":158,"date":"2009-01-01T13:12:20","date_gmt":"2009-01-01T11:12:20","guid":{"rendered":"https:\/\/canal-literatura.es\/Apoesia4\/?p=158"},"modified":"2016-02-02T02:32:55","modified_gmt":"2016-02-02T00:32:55","slug":"ya-esta-en-la-web-la-entrevista-a-susana-benet-en-el-literatura","status":"publish","type":"post","link":"https:\/\/canal-literatura.es\/Apoesia4\/ya-esta-en-la-web-la-entrevista-a-susana-benet-en-el-literatura\/","title":{"rendered":"Ya est\u00e1 en la Web la entrevista a Susana Benet en el #Literatura"},"content":{"rendered":"<h2 style=\"text-align: center;\"><strong>\u00abSe trata de decir lo justo, lo esencial. En eso los orientales son maestros. El haiku es poes\u00eda.\u00bb<\/strong><\/h2>\n<p style=\"text-align: justify;\">Una media de 125 personas durante una hora siguieron en directo la entrevista de Susana Benet en el canal #literatura de IRC-Hispano.<br \/>\nLa poeta valenciana respondi\u00f3 \u00e1gil y espont\u00e1nea todas las preguntas y nos dej\u00f3 asombrados con su Haiku dedicado al chat que improvis\u00f3 sobre la marcha.<\/p>\n<p><center><strong>\u00abTantas palabras<br \/>\nviajando entre nosotros&#8230;<br \/>\nY ning\u00fan rostro\u00bb<\/strong><\/center><center><\/center><center><strong><br \/>\n<\/strong><center><a href=\"https:\/\/www.canal-literatura.es\/Entrevistas\/SusanaBenet_canal.html\" target=\"_blank\"><strong><img decoding=\"async\" src=\"https:\/\/www.canal-literatura.es\/Entrevistas\/SusanaBenet_chatG.jpg\" alt=\"\" width=\"300\" border=\"0\" \/> <\/strong><\/a><br \/>\n<strong>Susana Benet durante la entrevista.<br \/>\nPincha en la imagen para leer la entrevista completa.<\/strong><\/center><\/center><\/p>\n<p style=\"text-align: justify;\">Expresiva y dulce nos dej\u00f3 la impresi\u00f3n que le dedic\u00f3 al final una de las asistentes que, con el nick Olvido, le dijo estas palabras: \u00abEres guapa, sencilla y elegante como un adorno floral japon\u00e9s.\u00bb Con esta entrevista se cierra el ciclo \u00abPoes\u00eda, emoci\u00f3n y forma\u00bb con motivo del IV Certamen \u00abPoemas sin Rostro\u00bb.<\/p>\n<p><center><strong><img decoding=\"async\" src=\"https:\/\/www.canal-literatura.es\/banner\/Hispano.jpg\" alt=\"\" width=\"140\" border=\"0\" \/> <\/strong><\/center><\/p>\n<p style=\"text-align: center;\">\u00a0<img decoding=\"async\" src=\"https:\/\/www.canal-literatura.es\/banner\/noticiascadadia.jpg\" alt=\"\" width=\"150\" border=\"0\" \/><br \/>\nRese\u00f1a en Noticiascadadia.com<\/p>\n","protected":false},"excerpt":{"rendered":"<p>\u00abSe trata de decir lo justo, lo esencial. En eso los orientales son maestros. El haiku es poes\u00eda.\u00bb Una media de 125 personas durante una hora siguieron en directo la entrevista de Susana Benet en el canal #literatura de IRC-Hispano. La poeta valenciana respondi\u00f3 \u00e1gil y espont\u00e1nea todas las preguntas&#8230;<\/p>\n<p> <a class=\"continue-reading-link\" href=\"https:\/\/canal-literatura.es\/Apoesia4\/ya-esta-en-la-web-la-entrevista-a-susana-benet-en-el-literatura\/\"><span>Leer m\u00e1s<\/span><i class=\"crycon-right-dir\"><\/i><\/a> <\/p>\n","protected":false},"author":1,"featured_media":0,"comment_status":"open","ping_status":"open","sticky":false,"template":"","format":"standard","meta":[],"categories":[1],"tags":[],"amp_enabled":true,"_links":{"self":[{"href":"https:\/\/canal-literatura.es\/Apoesia4\/wp-json\/wp\/v2\/posts\/158"}],"collection":[{"href":"https:\/\/canal-literatura.es\/Apoesia4\/wp-json\/wp\/v2\/posts"}],"about":[{"href":"https:\/\/canal-literatura.es\/Apoesia4\/wp-json\/wp\/v2\/types\/post"}],"author":[{"embeddable":true,"href":"https:\/\/canal-literatura.es\/Apoesia4\/wp-json\/wp\/v2\/users\/1"}],"replies":[{"embeddable":true,"href":"https:\/\/canal-literatura.es\/Apoesia4\/wp-json\/wp\/v2\/comments?post=158"}],"version-history":[{"count":2,"href":"https:\/\/canal-literatura.es\/Apoesia4\/wp-json\/wp\/v2\/posts\/158\/revisions"}],"predecessor-version":[{"id":176,"href":"https:\/\/canal-literatura.es\/Apoesia4\/wp-json\/wp\/v2\/posts\/158\/revisions\/176"}],"wp:attachment":[{"href":"https:\/\/canal-literatura.es\/Apoesia4\/wp-json\/wp\/v2\/media?parent=158"}],"wp:term":[{"taxonomy":"category","embeddable":true,"href":"https:\/\/canal-literatura.es\/Apoesia4\/wp-json\/wp\/v2\/categories?post=158"},{"taxonomy":"post_tag","embeddable":true,"href":"https:\/\/canal-literatura.es\/Apoesia4\/wp-json\/wp\/v2\/tags?post=158"}],"curies":[{"name":"wp","href":"https:\/\/api.w.org\/{rel}","templated":true}]}}