{"id":148,"date":"2008-09-20T23:19:16","date_gmt":"2008-09-20T21:19:16","guid":{"rendered":"https:\/\/canal-literatura.es\/Apoesia4\/?p=148"},"modified":"2008-09-23T00:27:22","modified_gmt":"2008-09-22T22:27:22","slug":"141-se-oye-la-noche-por-vigho","status":"publish","type":"post","link":"https:\/\/canal-literatura.es\/Apoesia4\/141-se-oye-la-noche-por-vigho\/","title":{"rendered":"141-Se oye la noche. Por Vigho"},"content":{"rendered":"<p>Se oye la noche entre tus ojos.<br \/>\nDeambulo\u00a0 descalzo en el vac\u00edo,<!--more--><br \/>\nBusco tu piel bordada de sonrisas,<br \/>\nQue me sella la boca con sus br\u00edos,<br \/>\nY me voy resignando a tu partida,<br \/>\nCruel tormento de mi alma arrebatada<br \/>\nque no se cansa amor m\u00edo, de llorar<br \/>\ny\u00a0 muere poco a poco junto a ti.<\/p>\n<p>No prives a mis labios de tus besos<br \/>\nDe las ma\u00f1anas llenas de locura,<br \/>\nTransporta con tu luz mis ojos presos.<\/p>\n<p>Se oye la noche en tu alto vuelo.<br \/>\nTan cansados est\u00e1n mis locos pies<br \/>\nDe andar por los caminos del morir,<br \/>\nPor el misterio de la noche oculta<br \/>\nY de las huellas tristes de tu adi\u00f3s.<br \/>\nAlistar\u00e9 mi c\u00e1ndido equipaje,<br \/>\nAdi\u00f3s dir\u00e9 a la b\u00fasqueda ambulante<br \/>\nY seguir\u00e9 la estela de tu viaje.<\/p>\n<p>No prives a mis labios de tus besos<br \/>\nDe las ma\u00f1ana llenas de locura,<br \/>\nDel di\u00e1fano cristal de tu semblante.<\/p>\n<p>Se oye la noche entre tus manos.<br \/>\nSentir\u00e9 que la calma iza cort\u00e9s,<br \/>\nMi pesado traje gris al so\u00f1ar,<br \/>\nCuando vengas por m\u00ed y me hagas vivir<br \/>\nComo la fina luz que fui una vez<br \/>\nY la luna ser\u00e1 mi consejera<br \/>\nEn la noche y en el d\u00eda\u00a0 sibilino<br \/>\nY un alma plena junto a ti ser\u00e9.<\/p>\n","protected":false},"excerpt":{"rendered":"<p>Se oye la noche entre tus ojos. Deambulo\u00a0 descalzo en el vac\u00edo,<\/p>\n<p> <a class=\"continue-reading-link\" href=\"https:\/\/canal-literatura.es\/Apoesia4\/141-se-oye-la-noche-por-vigho\/\"><span>Leer m\u00e1s<\/span><i class=\"crycon-right-dir\"><\/i><\/a> <\/p>\n","protected":false},"author":1,"featured_media":0,"comment_status":"open","ping_status":"open","sticky":false,"template":"","format":"standard","meta":[],"categories":[2],"tags":[],"amp_enabled":true,"_links":{"self":[{"href":"https:\/\/canal-literatura.es\/Apoesia4\/wp-json\/wp\/v2\/posts\/148"}],"collection":[{"href":"https:\/\/canal-literatura.es\/Apoesia4\/wp-json\/wp\/v2\/posts"}],"about":[{"href":"https:\/\/canal-literatura.es\/Apoesia4\/wp-json\/wp\/v2\/types\/post"}],"author":[{"embeddable":true,"href":"https:\/\/canal-literatura.es\/Apoesia4\/wp-json\/wp\/v2\/users\/1"}],"replies":[{"embeddable":true,"href":"https:\/\/canal-literatura.es\/Apoesia4\/wp-json\/wp\/v2\/comments?post=148"}],"version-history":[{"count":0,"href":"https:\/\/canal-literatura.es\/Apoesia4\/wp-json\/wp\/v2\/posts\/148\/revisions"}],"wp:attachment":[{"href":"https:\/\/canal-literatura.es\/Apoesia4\/wp-json\/wp\/v2\/media?parent=148"}],"wp:term":[{"taxonomy":"category","embeddable":true,"href":"https:\/\/canal-literatura.es\/Apoesia4\/wp-json\/wp\/v2\/categories?post=148"},{"taxonomy":"post_tag","embeddable":true,"href":"https:\/\/canal-literatura.es\/Apoesia4\/wp-json\/wp\/v2\/tags?post=148"}],"curies":[{"name":"wp","href":"https:\/\/api.w.org\/{rel}","templated":true}]}}