{"id":9,"date":"2007-08-12T12:07:08","date_gmt":"2007-08-12T10:07:08","guid":{"rendered":"https:\/\/canal-literatura.com\/Apoesia3\/?p=9"},"modified":"2007-10-15T14:00:44","modified_gmt":"2007-10-15T12:00:44","slug":"5-vaivenes-de-brillo-por-ariadna","status":"publish","type":"post","link":"https:\/\/canal-literatura.es\/Apoesia3\/5-vaivenes-de-brillo-por-ariadna\/","title":{"rendered":"5- Vaivenes de brillo. Por Ariadna"},"content":{"rendered":"<p>Brillan sus cabellos de plata y oro<br \/>\nY en vaivenes amorosos<br \/>\nSe tejen y destejen<!--more--><br \/>\nSus contornos.<\/p>\n<p>Desnuda de todo<br \/>\nCuanto no sea<br \/>\nOlor a mar, olor a sal,<br \/>\nMe hallas,<br \/>\nSobre escarpadas lomas y<br \/>\nAgrestes geograf\u00edas.<\/p>\n<p>Brillan tus cabellos de plata y oro.<\/p>\n<p>Sedienta me encuentro,<br \/>\nSedienta respiro,<br \/>\nA\u00f1orando tus peines<br \/>\nQue de mis caderas arrancan suspiros.<\/p>\n<p>Y mientras, as\u00ed espero,<br \/>\nBajo ese a\u00fareo reflejo distante,<br \/>\nY el g\u00e9lido viento que se revuelve<br \/>\nResacoso,<br \/>\nQue insiste en posarse en<br \/>\nEstos labios<br \/>\nRobando besos<br \/>\nQue a\u00f1oro de los tuyos.<\/p>\n<p>\u00bfY t\u00fa preguntas: qu\u00e9 quieres de m\u00ed?.<\/p>\n<p>Brillan tus cabellos de plata y oro.<\/p>\n<p>Brillan ante m\u00ed,<br \/>\nPerfilan esa orilla<br \/>\nQue me separa de ti.<\/p>\n<p>Glorioso d\u00eda anhelo,<br \/>\nEn que<br \/>\nImprimas vida<br \/>\nA ese brioso velero<br \/>\nY, recortando millas,<br \/>\nRindas tus naves aqu\u00ed.<\/p>\n","protected":false},"excerpt":{"rendered":"<p>Brillan sus cabellos de plata y oro Y en vaivenes amorosos Se tejen y destejen<\/p>\n<p> <a class=\"continue-reading-link\" href=\"https:\/\/canal-literatura.es\/Apoesia3\/5-vaivenes-de-brillo-por-ariadna\/\"><span>Leer m\u00e1s<\/span><i class=\"crycon-right-dir\"><\/i><\/a> <\/p>\n","protected":false},"author":1,"featured_media":0,"comment_status":"open","ping_status":"open","sticky":false,"template":"","format":"standard","meta":[],"categories":[1],"tags":[],"yoast_head":"<!-- This site is optimized with the Yoast SEO plugin v19.13 - https:\/\/yoast.com\/wordpress\/plugins\/seo\/ -->\n<title>5- Vaivenes de brillo. Por Ariadna - III Certamen Poemas Sin Rostro<\/title>\n<meta name=\"robots\" content=\"index, follow, max-snippet:-1, max-image-preview:large, max-video-preview:-1\" \/>\n<link rel=\"canonical\" href=\"https:\/\/canal-literatura.es\/Apoesia3\/5-vaivenes-de-brillo-por-ariadna\/\" \/>\n<meta property=\"og:locale\" content=\"es_ES\" \/>\n<meta property=\"og:type\" content=\"article\" \/>\n<meta property=\"og:title\" content=\"5- Vaivenes de brillo. Por Ariadna - III Certamen Poemas Sin Rostro\" \/>\n<meta property=\"og:description\" content=\"Brillan sus cabellos de plata y oro Y en vaivenes amorosos Se tejen y destejen Leer m\u00e1s\" \/>\n<meta property=\"og:url\" content=\"https:\/\/canal-literatura.es\/Apoesia3\/5-vaivenes-de-brillo-por-ariadna\/\" \/>\n<meta property=\"og:site_name\" content=\"III Certamen Poemas Sin Rostro\" \/>\n<meta property=\"article:published_time\" content=\"2007-08-12T10:07:08+00:00\" \/>\n<meta property=\"article:modified_time\" content=\"2007-10-15T12:00:44+00:00\" \/>\n<meta name=\"author\" content=\"correo\" \/>\n<meta name=\"twitter:card\" content=\"summary_large_image\" \/>\n<meta name=\"twitter:label1\" content=\"Escrito por\" \/>\n\t<meta name=\"twitter:data1\" content=\"correo\" \/>\n\t<meta name=\"twitter:label2\" content=\"Tiempo de lectura\" \/>\n\t<meta name=\"twitter:data2\" content=\"1 minuto\" \/>\n<script type=\"application\/ld+json\" class=\"yoast-schema-graph\">{\"@context\":\"https:\/\/schema.org\",\"@graph\":[{\"@type\":\"WebPage\",\"@id\":\"https:\/\/canal-literatura.es\/Apoesia3\/5-vaivenes-de-brillo-por-ariadna\/\",\"url\":\"https:\/\/canal-literatura.es\/Apoesia3\/5-vaivenes-de-brillo-por-ariadna\/\",\"name\":\"5- Vaivenes de brillo. Por Ariadna - III Certamen Poemas Sin Rostro\",\"isPartOf\":{\"@id\":\"https:\/\/canal-literatura.es\/Apoesia3\/#website\"},\"datePublished\":\"2007-08-12T10:07:08+00:00\",\"dateModified\":\"2007-10-15T12:00:44+00:00\",\"author\":{\"@id\":\"https:\/\/canal-literatura.es\/Apoesia3\/#\/schema\/person\/0d6eef9b22d0797c13bc9e535eadc233\"},\"breadcrumb\":{\"@id\":\"https:\/\/canal-literatura.es\/Apoesia3\/5-vaivenes-de-brillo-por-ariadna\/#breadcrumb\"},\"inLanguage\":\"es\",\"potentialAction\":[{\"@type\":\"ReadAction\",\"target\":[\"https:\/\/canal-literatura.es\/Apoesia3\/5-vaivenes-de-brillo-por-ariadna\/\"]}]},{\"@type\":\"BreadcrumbList\",\"@id\":\"https:\/\/canal-literatura.es\/Apoesia3\/5-vaivenes-de-brillo-por-ariadna\/#breadcrumb\",\"itemListElement\":[{\"@type\":\"ListItem\",\"position\":1,\"name\":\"Portada\",\"item\":\"https:\/\/canal-literatura.es\/Apoesia3\/\"},{\"@type\":\"ListItem\",\"position\":2,\"name\":\"5- Vaivenes de brillo. Por Ariadna\"}]},{\"@type\":\"WebSite\",\"@id\":\"https:\/\/canal-literatura.es\/Apoesia3\/#website\",\"url\":\"https:\/\/canal-literatura.es\/Apoesia3\/\",\"name\":\"III Certamen Poemas Sin Rostro\",\"description\":\"Web dedicada a los poemas, noticias, votaciones y todo lo relativo al III Certamen Poemas Sin Rostro\",\"potentialAction\":[{\"@type\":\"SearchAction\",\"target\":{\"@type\":\"EntryPoint\",\"urlTemplate\":\"https:\/\/canal-literatura.es\/Apoesia3\/?s={search_term_string}\"},\"query-input\":\"required name=search_term_string\"}],\"inLanguage\":\"es\"},{\"@type\":\"Person\",\"@id\":\"https:\/\/canal-literatura.es\/Apoesia3\/#\/schema\/person\/0d6eef9b22d0797c13bc9e535eadc233\",\"name\":\"correo\",\"sameAs\":[\"https:\/\/\"],\"url\":\"https:\/\/canal-literatura.es\/Apoesia3\/author\/admin\/\"}]}<\/script>\n<!-- \/ Yoast SEO plugin. -->","yoast_head_json":{"title":"5- Vaivenes de brillo. Por Ariadna - III Certamen Poemas Sin Rostro","robots":{"index":"index","follow":"follow","max-snippet":"max-snippet:-1","max-image-preview":"max-image-preview:large","max-video-preview":"max-video-preview:-1"},"canonical":"https:\/\/canal-literatura.es\/Apoesia3\/5-vaivenes-de-brillo-por-ariadna\/","og_locale":"es_ES","og_type":"article","og_title":"5- Vaivenes de brillo. Por Ariadna - III Certamen Poemas Sin Rostro","og_description":"Brillan sus cabellos de plata y oro Y en vaivenes amorosos Se tejen y destejen Leer m\u00e1s","og_url":"https:\/\/canal-literatura.es\/Apoesia3\/5-vaivenes-de-brillo-por-ariadna\/","og_site_name":"III Certamen Poemas Sin Rostro","article_published_time":"2007-08-12T10:07:08+00:00","article_modified_time":"2007-10-15T12:00:44+00:00","author":"correo","twitter_card":"summary_large_image","twitter_misc":{"Escrito por":"correo","Tiempo de lectura":"1 minuto"},"schema":{"@context":"https:\/\/schema.org","@graph":[{"@type":"WebPage","@id":"https:\/\/canal-literatura.es\/Apoesia3\/5-vaivenes-de-brillo-por-ariadna\/","url":"https:\/\/canal-literatura.es\/Apoesia3\/5-vaivenes-de-brillo-por-ariadna\/","name":"5- Vaivenes de brillo. Por Ariadna - III Certamen Poemas Sin Rostro","isPartOf":{"@id":"https:\/\/canal-literatura.es\/Apoesia3\/#website"},"datePublished":"2007-08-12T10:07:08+00:00","dateModified":"2007-10-15T12:00:44+00:00","author":{"@id":"https:\/\/canal-literatura.es\/Apoesia3\/#\/schema\/person\/0d6eef9b22d0797c13bc9e535eadc233"},"breadcrumb":{"@id":"https:\/\/canal-literatura.es\/Apoesia3\/5-vaivenes-de-brillo-por-ariadna\/#breadcrumb"},"inLanguage":"es","potentialAction":[{"@type":"ReadAction","target":["https:\/\/canal-literatura.es\/Apoesia3\/5-vaivenes-de-brillo-por-ariadna\/"]}]},{"@type":"BreadcrumbList","@id":"https:\/\/canal-literatura.es\/Apoesia3\/5-vaivenes-de-brillo-por-ariadna\/#breadcrumb","itemListElement":[{"@type":"ListItem","position":1,"name":"Portada","item":"https:\/\/canal-literatura.es\/Apoesia3\/"},{"@type":"ListItem","position":2,"name":"5- Vaivenes de brillo. Por Ariadna"}]},{"@type":"WebSite","@id":"https:\/\/canal-literatura.es\/Apoesia3\/#website","url":"https:\/\/canal-literatura.es\/Apoesia3\/","name":"III Certamen Poemas Sin Rostro","description":"Web dedicada a los poemas, noticias, votaciones y todo lo relativo al III Certamen Poemas Sin Rostro","potentialAction":[{"@type":"SearchAction","target":{"@type":"EntryPoint","urlTemplate":"https:\/\/canal-literatura.es\/Apoesia3\/?s={search_term_string}"},"query-input":"required name=search_term_string"}],"inLanguage":"es"},{"@type":"Person","@id":"https:\/\/canal-literatura.es\/Apoesia3\/#\/schema\/person\/0d6eef9b22d0797c13bc9e535eadc233","name":"correo","sameAs":["https:\/\/"],"url":"https:\/\/canal-literatura.es\/Apoesia3\/author\/admin\/"}]}},"amp_enabled":true,"_links":{"self":[{"href":"https:\/\/canal-literatura.es\/Apoesia3\/wp-json\/wp\/v2\/posts\/9"}],"collection":[{"href":"https:\/\/canal-literatura.es\/Apoesia3\/wp-json\/wp\/v2\/posts"}],"about":[{"href":"https:\/\/canal-literatura.es\/Apoesia3\/wp-json\/wp\/v2\/types\/post"}],"author":[{"embeddable":true,"href":"https:\/\/canal-literatura.es\/Apoesia3\/wp-json\/wp\/v2\/users\/1"}],"replies":[{"embeddable":true,"href":"https:\/\/canal-literatura.es\/Apoesia3\/wp-json\/wp\/v2\/comments?post=9"}],"version-history":[{"count":0,"href":"https:\/\/canal-literatura.es\/Apoesia3\/wp-json\/wp\/v2\/posts\/9\/revisions"}],"wp:attachment":[{"href":"https:\/\/canal-literatura.es\/Apoesia3\/wp-json\/wp\/v2\/media?parent=9"}],"wp:term":[{"taxonomy":"category","embeddable":true,"href":"https:\/\/canal-literatura.es\/Apoesia3\/wp-json\/wp\/v2\/categories?post=9"},{"taxonomy":"post_tag","embeddable":true,"href":"https:\/\/canal-literatura.es\/Apoesia3\/wp-json\/wp\/v2\/tags?post=9"}],"curies":[{"name":"wp","href":"https:\/\/api.w.org\/{rel}","templated":true}]}}