{"id":87,"date":"2007-09-05T11:08:27","date_gmt":"2007-09-05T09:08:27","guid":{"rendered":"https:\/\/canal-literatura.com\/Apoesia3\/?p=87"},"modified":"2007-10-15T16:35:23","modified_gmt":"2007-10-15T14:35:23","slug":"81-abortos-clandestinos-por-rincon-de-la-insensatez","status":"publish","type":"post","link":"https:\/\/canal-literatura.es\/Apoesia3\/81-abortos-clandestinos-por-rincon-de-la-insensatez\/","title":{"rendered":"81- Abortos Clandestinos. Por Rinc\u00f3n de la insensatez"},"content":{"rendered":"<p>En las s\u00e1banas blancas,<br \/>\ndesfilaron los errantes<br \/>\ncuerpos<!--more--><br \/>\ncomo epistaxis imparable<br \/>\nde alientos.<br \/>\nDetr\u00e1s de cualquier tarde sin rostro,<br \/>\nse escuch\u00f3 el d\u00e9bil crujir de los huesos,<br \/>\ntronados como palos secos,<br \/>\ncreando la depuraci\u00f3n<br \/>\nde un milagro que parti\u00f3<br \/>\npor el desaguadero de las almas<br \/>\na ninguna parte.<br \/>\nFue maldecida la bendici\u00f3n<br \/>\nreduciendo una llama a cenizas.<br \/>\nEn un jadeante combate<br \/>\nun coraz\u00f3n naufrag\u00f3 en la soledad<br \/>\nde sus sentimientos,<br \/>\nsiendo protagonista del olvido<br \/>\ne instilado gota a gota<br \/>\ncontra la inmensidad.<br \/>\nEsa tarde los vientos<br \/>\nsoplaron sin aire<br \/>\ncerrando la abertura de la vida<br \/>\ny quedando al descubierto<br \/>\nla fuente seca.<br \/>\nLos reclamos de la sangre<br \/>\nse diluyeron en la sopa amorfa<br \/>\ny en el rinc\u00f3n de la insensatez.<br \/>\nNadie pudo darse cuenta,<br \/>\ns\u00f3lo ellos,<br \/>\nlos que fueron presas<br \/>\nde mundos filiformes,<br \/>\nse coronaron como reyes de los tontos<br \/>\ny se albergaron en el palacio del infierno<br \/>\ncon sus ropas de fantas\u00eda.<br \/>\nCuentan que m\u00e1s tarde<br \/>\nvociferaron por finiquitar<br \/>\nla responsabilidad del bagaje,<br \/>\ntaladrando los sentidos<br \/>\nhasta desahogar su canto.<br \/>\nLa se\u00f1al del suceso<br \/>\nfue el desvar\u00edo melanc\u00f3lico<br \/>\nfue su canto necesario.<br \/>\nCuentan que con su indigno respiro,<br \/>\nllegaron a ning\u00fan sitio<br \/>\ny vagaron con eterna trepanaci\u00f3n<br \/>\nde su propio esp\u00edritu,<br \/>\nzurcieron sus faenas<br \/>\nacongojadas<br \/>\ny supuraron<br \/>\ncon la raz\u00f3n perturbada.<\/p>\n","protected":false},"excerpt":{"rendered":"<p>En las s\u00e1banas blancas, desfilaron los errantes cuerpos<\/p>\n<p> <a class=\"continue-reading-link\" href=\"https:\/\/canal-literatura.es\/Apoesia3\/81-abortos-clandestinos-por-rincon-de-la-insensatez\/\"><span>Leer m\u00e1s<\/span><i class=\"crycon-right-dir\"><\/i><\/a> <\/p>\n","protected":false},"author":1,"featured_media":0,"comment_status":"open","ping_status":"open","sticky":false,"template":"","format":"standard","meta":[],"categories":[1],"tags":[],"yoast_head":"<!-- This site is optimized with the Yoast SEO plugin v19.13 - https:\/\/yoast.com\/wordpress\/plugins\/seo\/ -->\n<title>81- Abortos Clandestinos. Por Rinc\u00f3n de la insensatez - III Certamen Poemas Sin Rostro<\/title>\n<meta name=\"robots\" content=\"index, follow, max-snippet:-1, max-image-preview:large, max-video-preview:-1\" \/>\n<link rel=\"canonical\" href=\"https:\/\/canal-literatura.es\/Apoesia3\/81-abortos-clandestinos-por-rincon-de-la-insensatez\/\" \/>\n<meta property=\"og:locale\" content=\"es_ES\" \/>\n<meta property=\"og:type\" content=\"article\" \/>\n<meta property=\"og:title\" content=\"81- Abortos Clandestinos. Por Rinc\u00f3n de la insensatez - III Certamen Poemas Sin Rostro\" \/>\n<meta property=\"og:description\" content=\"En las s\u00e1banas blancas, desfilaron los errantes cuerpos Leer m\u00e1s\" \/>\n<meta property=\"og:url\" content=\"https:\/\/canal-literatura.es\/Apoesia3\/81-abortos-clandestinos-por-rincon-de-la-insensatez\/\" \/>\n<meta property=\"og:site_name\" content=\"III Certamen Poemas Sin Rostro\" \/>\n<meta property=\"article:published_time\" content=\"2007-09-05T09:08:27+00:00\" \/>\n<meta property=\"article:modified_time\" content=\"2007-10-15T14:35:23+00:00\" \/>\n<meta name=\"author\" content=\"correo\" \/>\n<meta name=\"twitter:card\" content=\"summary_large_image\" \/>\n<meta name=\"twitter:label1\" content=\"Escrito por\" \/>\n\t<meta name=\"twitter:data1\" content=\"correo\" \/>\n\t<meta name=\"twitter:label2\" content=\"Tiempo de lectura\" \/>\n\t<meta name=\"twitter:data2\" content=\"1 minuto\" \/>\n<script type=\"application\/ld+json\" class=\"yoast-schema-graph\">{\"@context\":\"https:\/\/schema.org\",\"@graph\":[{\"@type\":\"WebPage\",\"@id\":\"https:\/\/canal-literatura.es\/Apoesia3\/81-abortos-clandestinos-por-rincon-de-la-insensatez\/\",\"url\":\"https:\/\/canal-literatura.es\/Apoesia3\/81-abortos-clandestinos-por-rincon-de-la-insensatez\/\",\"name\":\"81- Abortos Clandestinos. Por Rinc\u00f3n de la insensatez - III Certamen Poemas Sin Rostro\",\"isPartOf\":{\"@id\":\"https:\/\/canal-literatura.es\/Apoesia3\/#website\"},\"datePublished\":\"2007-09-05T09:08:27+00:00\",\"dateModified\":\"2007-10-15T14:35:23+00:00\",\"author\":{\"@id\":\"https:\/\/canal-literatura.es\/Apoesia3\/#\/schema\/person\/0d6eef9b22d0797c13bc9e535eadc233\"},\"breadcrumb\":{\"@id\":\"https:\/\/canal-literatura.es\/Apoesia3\/81-abortos-clandestinos-por-rincon-de-la-insensatez\/#breadcrumb\"},\"inLanguage\":\"es\",\"potentialAction\":[{\"@type\":\"ReadAction\",\"target\":[\"https:\/\/canal-literatura.es\/Apoesia3\/81-abortos-clandestinos-por-rincon-de-la-insensatez\/\"]}]},{\"@type\":\"BreadcrumbList\",\"@id\":\"https:\/\/canal-literatura.es\/Apoesia3\/81-abortos-clandestinos-por-rincon-de-la-insensatez\/#breadcrumb\",\"itemListElement\":[{\"@type\":\"ListItem\",\"position\":1,\"name\":\"Portada\",\"item\":\"https:\/\/canal-literatura.es\/Apoesia3\/\"},{\"@type\":\"ListItem\",\"position\":2,\"name\":\"81- Abortos Clandestinos. Por Rinc\u00f3n de la insensatez\"}]},{\"@type\":\"WebSite\",\"@id\":\"https:\/\/canal-literatura.es\/Apoesia3\/#website\",\"url\":\"https:\/\/canal-literatura.es\/Apoesia3\/\",\"name\":\"III Certamen Poemas Sin Rostro\",\"description\":\"Web dedicada a los poemas, noticias, votaciones y todo lo relativo al III Certamen Poemas Sin Rostro\",\"potentialAction\":[{\"@type\":\"SearchAction\",\"target\":{\"@type\":\"EntryPoint\",\"urlTemplate\":\"https:\/\/canal-literatura.es\/Apoesia3\/?s={search_term_string}\"},\"query-input\":\"required name=search_term_string\"}],\"inLanguage\":\"es\"},{\"@type\":\"Person\",\"@id\":\"https:\/\/canal-literatura.es\/Apoesia3\/#\/schema\/person\/0d6eef9b22d0797c13bc9e535eadc233\",\"name\":\"correo\",\"sameAs\":[\"https:\/\/\"],\"url\":\"https:\/\/canal-literatura.es\/Apoesia3\/author\/admin\/\"}]}<\/script>\n<!-- \/ Yoast SEO plugin. -->","yoast_head_json":{"title":"81- Abortos Clandestinos. Por Rinc\u00f3n de la insensatez - III Certamen Poemas Sin Rostro","robots":{"index":"index","follow":"follow","max-snippet":"max-snippet:-1","max-image-preview":"max-image-preview:large","max-video-preview":"max-video-preview:-1"},"canonical":"https:\/\/canal-literatura.es\/Apoesia3\/81-abortos-clandestinos-por-rincon-de-la-insensatez\/","og_locale":"es_ES","og_type":"article","og_title":"81- Abortos Clandestinos. Por Rinc\u00f3n de la insensatez - III Certamen Poemas Sin Rostro","og_description":"En las s\u00e1banas blancas, desfilaron los errantes cuerpos Leer m\u00e1s","og_url":"https:\/\/canal-literatura.es\/Apoesia3\/81-abortos-clandestinos-por-rincon-de-la-insensatez\/","og_site_name":"III Certamen Poemas Sin Rostro","article_published_time":"2007-09-05T09:08:27+00:00","article_modified_time":"2007-10-15T14:35:23+00:00","author":"correo","twitter_card":"summary_large_image","twitter_misc":{"Escrito por":"correo","Tiempo de lectura":"1 minuto"},"schema":{"@context":"https:\/\/schema.org","@graph":[{"@type":"WebPage","@id":"https:\/\/canal-literatura.es\/Apoesia3\/81-abortos-clandestinos-por-rincon-de-la-insensatez\/","url":"https:\/\/canal-literatura.es\/Apoesia3\/81-abortos-clandestinos-por-rincon-de-la-insensatez\/","name":"81- Abortos Clandestinos. Por Rinc\u00f3n de la insensatez - III Certamen Poemas Sin Rostro","isPartOf":{"@id":"https:\/\/canal-literatura.es\/Apoesia3\/#website"},"datePublished":"2007-09-05T09:08:27+00:00","dateModified":"2007-10-15T14:35:23+00:00","author":{"@id":"https:\/\/canal-literatura.es\/Apoesia3\/#\/schema\/person\/0d6eef9b22d0797c13bc9e535eadc233"},"breadcrumb":{"@id":"https:\/\/canal-literatura.es\/Apoesia3\/81-abortos-clandestinos-por-rincon-de-la-insensatez\/#breadcrumb"},"inLanguage":"es","potentialAction":[{"@type":"ReadAction","target":["https:\/\/canal-literatura.es\/Apoesia3\/81-abortos-clandestinos-por-rincon-de-la-insensatez\/"]}]},{"@type":"BreadcrumbList","@id":"https:\/\/canal-literatura.es\/Apoesia3\/81-abortos-clandestinos-por-rincon-de-la-insensatez\/#breadcrumb","itemListElement":[{"@type":"ListItem","position":1,"name":"Portada","item":"https:\/\/canal-literatura.es\/Apoesia3\/"},{"@type":"ListItem","position":2,"name":"81- Abortos Clandestinos. Por Rinc\u00f3n de la insensatez"}]},{"@type":"WebSite","@id":"https:\/\/canal-literatura.es\/Apoesia3\/#website","url":"https:\/\/canal-literatura.es\/Apoesia3\/","name":"III Certamen Poemas Sin Rostro","description":"Web dedicada a los poemas, noticias, votaciones y todo lo relativo al III Certamen Poemas Sin Rostro","potentialAction":[{"@type":"SearchAction","target":{"@type":"EntryPoint","urlTemplate":"https:\/\/canal-literatura.es\/Apoesia3\/?s={search_term_string}"},"query-input":"required name=search_term_string"}],"inLanguage":"es"},{"@type":"Person","@id":"https:\/\/canal-literatura.es\/Apoesia3\/#\/schema\/person\/0d6eef9b22d0797c13bc9e535eadc233","name":"correo","sameAs":["https:\/\/"],"url":"https:\/\/canal-literatura.es\/Apoesia3\/author\/admin\/"}]}},"amp_enabled":true,"_links":{"self":[{"href":"https:\/\/canal-literatura.es\/Apoesia3\/wp-json\/wp\/v2\/posts\/87"}],"collection":[{"href":"https:\/\/canal-literatura.es\/Apoesia3\/wp-json\/wp\/v2\/posts"}],"about":[{"href":"https:\/\/canal-literatura.es\/Apoesia3\/wp-json\/wp\/v2\/types\/post"}],"author":[{"embeddable":true,"href":"https:\/\/canal-literatura.es\/Apoesia3\/wp-json\/wp\/v2\/users\/1"}],"replies":[{"embeddable":true,"href":"https:\/\/canal-literatura.es\/Apoesia3\/wp-json\/wp\/v2\/comments?post=87"}],"version-history":[{"count":0,"href":"https:\/\/canal-literatura.es\/Apoesia3\/wp-json\/wp\/v2\/posts\/87\/revisions"}],"wp:attachment":[{"href":"https:\/\/canal-literatura.es\/Apoesia3\/wp-json\/wp\/v2\/media?parent=87"}],"wp:term":[{"taxonomy":"category","embeddable":true,"href":"https:\/\/canal-literatura.es\/Apoesia3\/wp-json\/wp\/v2\/categories?post=87"},{"taxonomy":"post_tag","embeddable":true,"href":"https:\/\/canal-literatura.es\/Apoesia3\/wp-json\/wp\/v2\/tags?post=87"}],"curies":[{"name":"wp","href":"https:\/\/api.w.org\/{rel}","templated":true}]}}