{"id":82,"date":"2007-09-05T10:41:15","date_gmt":"2007-09-05T08:41:15","guid":{"rendered":"https:\/\/canal-literatura.com\/Apoesia3\/?p=82"},"modified":"2007-10-15T16:30:38","modified_gmt":"2007-10-15T14:30:38","slug":"76-sin-tiempo-para-vivir-por-tony-hyde","status":"publish","type":"post","link":"https:\/\/canal-literatura.es\/Apoesia3\/76-sin-tiempo-para-vivir-por-tony-hyde\/","title":{"rendered":"76- Sin tiempo para vivir. Por Tony Hyde"},"content":{"rendered":"<p>La aceleraci\u00f3n no viene de la modernidad<br \/>\nSe presenta de la tensi\u00f3n del cotidiano molesto<!--more--><br \/>\nDel coraz\u00f3n vicioso en la arte de eternizarse<br \/>\nDe lo hacer mucho y nada ganar<br \/>\nDe la impaciencia con su penetrante fragilidad<br \/>\nPor ser mortal siempre lleno de culpas<br \/>\nLas personas vagan muy pronto<br \/>\nDescuidadas en las atenciones con los otros<br \/>\nQue pase\u00f3 y ni lo perfume de la simpat\u00eda sinti\u00f3<br \/>\nQue se fuera y ni la alma percibi\u00f3<br \/>\nEn las entrel\u00edneas de la vida<br \/>\nEn la sonrisa agradable<br \/>\nEn lo pleonasmo est\u00e1tico<br \/>\nTodo derrochase en la ansiedad del poder<br \/>\nEn tener mas do que lo puede lograr<br \/>\nEn alcanzar los sue\u00f1os intocables<br \/>\nEn lo materializar el consumismo embutido en las mentes alienadas<br \/>\nComprase piedras hermosas<br \/>\nOrnamentados de lo estereotipo impuesto en lo populacho<br \/>\nMinor\u00eda en ansias y derechos<br \/>\nRepletas de deberes fr\u00edvolos<br \/>\nLa prisa destruye la belleza del tiempo<br \/>\nProduce injusticia a realidad<br \/>\nSilencia los ojos devotos<br \/>\nCiega las palabras verdaderas<br \/>\nAniquila los sentimientos rebeldes<br \/>\nLlenos de ideolog\u00eda<br \/>\nY todo tornase un nada igual<br \/>\nCon total apat\u00eda<br \/>\nPor las variedades del mundo<br \/>\nPor las tranquilidades de la vida<br \/>\nY la rapidez dos medos<br \/>\nOlvida que la muerte es la \u00fanica certeza<br \/>\nY que la existencia es una d\u00e1diva, no un sacrificio<br \/>\nV\u00edvese limitado por poco<br \/>\nAbsorbiese quimera por el solitario desgaste<br \/>\nTodos permanecen en sinfon\u00eda abreviada<br \/>\nBuscando por el deleite que jam\u00e1s van encontrar<br \/>\nLa real nostalgia no est\u00e1 en el valor de la fortuna que embolsase<br \/>\nA perfecta maravilla est\u00e1 dentro de si mismo<br \/>\nEn lo sitio que perseguimos tanto<br \/>\nPara no mirar cu\u00e1ndo lo notamos<br \/>\nY pasamos por la historia corriendo por la respuesta<br \/>\nImposible de hallar<br \/>\nEstamos tan excitados con \u00e9xitos f\u00fatiles<br \/>\nAunque quedamos una vida toda viviendo<br \/>\nSin tiempo para vivir<\/p>\n","protected":false},"excerpt":{"rendered":"<p>La aceleraci\u00f3n no viene de la modernidad Se presenta de la tensi\u00f3n del cotidiano molesto<\/p>\n<p> <a class=\"continue-reading-link\" href=\"https:\/\/canal-literatura.es\/Apoesia3\/76-sin-tiempo-para-vivir-por-tony-hyde\/\"><span>Leer m\u00e1s<\/span><i class=\"crycon-right-dir\"><\/i><\/a> <\/p>\n","protected":false},"author":1,"featured_media":0,"comment_status":"open","ping_status":"open","sticky":false,"template":"","format":"standard","meta":[],"categories":[1],"tags":[],"yoast_head":"<!-- This site is optimized with the Yoast SEO plugin v19.13 - https:\/\/yoast.com\/wordpress\/plugins\/seo\/ -->\n<title>76- Sin tiempo para vivir. Por Tony Hyde - III Certamen Poemas Sin Rostro<\/title>\n<meta name=\"robots\" content=\"index, follow, max-snippet:-1, max-image-preview:large, max-video-preview:-1\" \/>\n<link rel=\"canonical\" href=\"https:\/\/canal-literatura.es\/Apoesia3\/76-sin-tiempo-para-vivir-por-tony-hyde\/\" \/>\n<meta property=\"og:locale\" content=\"es_ES\" \/>\n<meta property=\"og:type\" content=\"article\" \/>\n<meta property=\"og:title\" content=\"76- Sin tiempo para vivir. Por Tony Hyde - III Certamen Poemas Sin Rostro\" \/>\n<meta property=\"og:description\" content=\"La aceleraci\u00f3n no viene de la modernidad Se presenta de la tensi\u00f3n del cotidiano molesto Leer m\u00e1s\" \/>\n<meta property=\"og:url\" content=\"https:\/\/canal-literatura.es\/Apoesia3\/76-sin-tiempo-para-vivir-por-tony-hyde\/\" \/>\n<meta property=\"og:site_name\" content=\"III Certamen Poemas Sin Rostro\" \/>\n<meta property=\"article:published_time\" content=\"2007-09-05T08:41:15+00:00\" \/>\n<meta property=\"article:modified_time\" content=\"2007-10-15T14:30:38+00:00\" \/>\n<meta name=\"author\" content=\"correo\" \/>\n<meta name=\"twitter:card\" content=\"summary_large_image\" \/>\n<meta name=\"twitter:label1\" content=\"Escrito por\" \/>\n\t<meta name=\"twitter:data1\" content=\"correo\" \/>\n\t<meta name=\"twitter:label2\" content=\"Tiempo de lectura\" \/>\n\t<meta name=\"twitter:data2\" content=\"2 minutos\" \/>\n<script type=\"application\/ld+json\" class=\"yoast-schema-graph\">{\"@context\":\"https:\/\/schema.org\",\"@graph\":[{\"@type\":\"WebPage\",\"@id\":\"https:\/\/canal-literatura.es\/Apoesia3\/76-sin-tiempo-para-vivir-por-tony-hyde\/\",\"url\":\"https:\/\/canal-literatura.es\/Apoesia3\/76-sin-tiempo-para-vivir-por-tony-hyde\/\",\"name\":\"76- Sin tiempo para vivir. Por Tony Hyde - III Certamen Poemas Sin Rostro\",\"isPartOf\":{\"@id\":\"https:\/\/canal-literatura.es\/Apoesia3\/#website\"},\"datePublished\":\"2007-09-05T08:41:15+00:00\",\"dateModified\":\"2007-10-15T14:30:38+00:00\",\"author\":{\"@id\":\"https:\/\/canal-literatura.es\/Apoesia3\/#\/schema\/person\/0d6eef9b22d0797c13bc9e535eadc233\"},\"breadcrumb\":{\"@id\":\"https:\/\/canal-literatura.es\/Apoesia3\/76-sin-tiempo-para-vivir-por-tony-hyde\/#breadcrumb\"},\"inLanguage\":\"es\",\"potentialAction\":[{\"@type\":\"ReadAction\",\"target\":[\"https:\/\/canal-literatura.es\/Apoesia3\/76-sin-tiempo-para-vivir-por-tony-hyde\/\"]}]},{\"@type\":\"BreadcrumbList\",\"@id\":\"https:\/\/canal-literatura.es\/Apoesia3\/76-sin-tiempo-para-vivir-por-tony-hyde\/#breadcrumb\",\"itemListElement\":[{\"@type\":\"ListItem\",\"position\":1,\"name\":\"Portada\",\"item\":\"https:\/\/canal-literatura.es\/Apoesia3\/\"},{\"@type\":\"ListItem\",\"position\":2,\"name\":\"76- Sin tiempo para vivir. Por Tony Hyde\"}]},{\"@type\":\"WebSite\",\"@id\":\"https:\/\/canal-literatura.es\/Apoesia3\/#website\",\"url\":\"https:\/\/canal-literatura.es\/Apoesia3\/\",\"name\":\"III Certamen Poemas Sin Rostro\",\"description\":\"Web dedicada a los poemas, noticias, votaciones y todo lo relativo al III Certamen Poemas Sin Rostro\",\"potentialAction\":[{\"@type\":\"SearchAction\",\"target\":{\"@type\":\"EntryPoint\",\"urlTemplate\":\"https:\/\/canal-literatura.es\/Apoesia3\/?s={search_term_string}\"},\"query-input\":\"required name=search_term_string\"}],\"inLanguage\":\"es\"},{\"@type\":\"Person\",\"@id\":\"https:\/\/canal-literatura.es\/Apoesia3\/#\/schema\/person\/0d6eef9b22d0797c13bc9e535eadc233\",\"name\":\"correo\",\"sameAs\":[\"https:\/\/\"],\"url\":\"https:\/\/canal-literatura.es\/Apoesia3\/author\/admin\/\"}]}<\/script>\n<!-- \/ Yoast SEO plugin. -->","yoast_head_json":{"title":"76- Sin tiempo para vivir. Por Tony Hyde - III Certamen Poemas Sin Rostro","robots":{"index":"index","follow":"follow","max-snippet":"max-snippet:-1","max-image-preview":"max-image-preview:large","max-video-preview":"max-video-preview:-1"},"canonical":"https:\/\/canal-literatura.es\/Apoesia3\/76-sin-tiempo-para-vivir-por-tony-hyde\/","og_locale":"es_ES","og_type":"article","og_title":"76- Sin tiempo para vivir. Por Tony Hyde - III Certamen Poemas Sin Rostro","og_description":"La aceleraci\u00f3n no viene de la modernidad Se presenta de la tensi\u00f3n del cotidiano molesto Leer m\u00e1s","og_url":"https:\/\/canal-literatura.es\/Apoesia3\/76-sin-tiempo-para-vivir-por-tony-hyde\/","og_site_name":"III Certamen Poemas Sin Rostro","article_published_time":"2007-09-05T08:41:15+00:00","article_modified_time":"2007-10-15T14:30:38+00:00","author":"correo","twitter_card":"summary_large_image","twitter_misc":{"Escrito por":"correo","Tiempo de lectura":"2 minutos"},"schema":{"@context":"https:\/\/schema.org","@graph":[{"@type":"WebPage","@id":"https:\/\/canal-literatura.es\/Apoesia3\/76-sin-tiempo-para-vivir-por-tony-hyde\/","url":"https:\/\/canal-literatura.es\/Apoesia3\/76-sin-tiempo-para-vivir-por-tony-hyde\/","name":"76- Sin tiempo para vivir. Por Tony Hyde - III Certamen Poemas Sin Rostro","isPartOf":{"@id":"https:\/\/canal-literatura.es\/Apoesia3\/#website"},"datePublished":"2007-09-05T08:41:15+00:00","dateModified":"2007-10-15T14:30:38+00:00","author":{"@id":"https:\/\/canal-literatura.es\/Apoesia3\/#\/schema\/person\/0d6eef9b22d0797c13bc9e535eadc233"},"breadcrumb":{"@id":"https:\/\/canal-literatura.es\/Apoesia3\/76-sin-tiempo-para-vivir-por-tony-hyde\/#breadcrumb"},"inLanguage":"es","potentialAction":[{"@type":"ReadAction","target":["https:\/\/canal-literatura.es\/Apoesia3\/76-sin-tiempo-para-vivir-por-tony-hyde\/"]}]},{"@type":"BreadcrumbList","@id":"https:\/\/canal-literatura.es\/Apoesia3\/76-sin-tiempo-para-vivir-por-tony-hyde\/#breadcrumb","itemListElement":[{"@type":"ListItem","position":1,"name":"Portada","item":"https:\/\/canal-literatura.es\/Apoesia3\/"},{"@type":"ListItem","position":2,"name":"76- Sin tiempo para vivir. Por Tony Hyde"}]},{"@type":"WebSite","@id":"https:\/\/canal-literatura.es\/Apoesia3\/#website","url":"https:\/\/canal-literatura.es\/Apoesia3\/","name":"III Certamen Poemas Sin Rostro","description":"Web dedicada a los poemas, noticias, votaciones y todo lo relativo al III Certamen Poemas Sin Rostro","potentialAction":[{"@type":"SearchAction","target":{"@type":"EntryPoint","urlTemplate":"https:\/\/canal-literatura.es\/Apoesia3\/?s={search_term_string}"},"query-input":"required name=search_term_string"}],"inLanguage":"es"},{"@type":"Person","@id":"https:\/\/canal-literatura.es\/Apoesia3\/#\/schema\/person\/0d6eef9b22d0797c13bc9e535eadc233","name":"correo","sameAs":["https:\/\/"],"url":"https:\/\/canal-literatura.es\/Apoesia3\/author\/admin\/"}]}},"amp_enabled":true,"_links":{"self":[{"href":"https:\/\/canal-literatura.es\/Apoesia3\/wp-json\/wp\/v2\/posts\/82"}],"collection":[{"href":"https:\/\/canal-literatura.es\/Apoesia3\/wp-json\/wp\/v2\/posts"}],"about":[{"href":"https:\/\/canal-literatura.es\/Apoesia3\/wp-json\/wp\/v2\/types\/post"}],"author":[{"embeddable":true,"href":"https:\/\/canal-literatura.es\/Apoesia3\/wp-json\/wp\/v2\/users\/1"}],"replies":[{"embeddable":true,"href":"https:\/\/canal-literatura.es\/Apoesia3\/wp-json\/wp\/v2\/comments?post=82"}],"version-history":[{"count":0,"href":"https:\/\/canal-literatura.es\/Apoesia3\/wp-json\/wp\/v2\/posts\/82\/revisions"}],"wp:attachment":[{"href":"https:\/\/canal-literatura.es\/Apoesia3\/wp-json\/wp\/v2\/media?parent=82"}],"wp:term":[{"taxonomy":"category","embeddable":true,"href":"https:\/\/canal-literatura.es\/Apoesia3\/wp-json\/wp\/v2\/categories?post=82"},{"taxonomy":"post_tag","embeddable":true,"href":"https:\/\/canal-literatura.es\/Apoesia3\/wp-json\/wp\/v2\/tags?post=82"}],"curies":[{"name":"wp","href":"https:\/\/api.w.org\/{rel}","templated":true}]}}