{"id":77,"date":"2007-08-31T13:50:43","date_gmt":"2007-08-31T11:50:43","guid":{"rendered":"https:\/\/canal-literatura.com\/Apoesia3\/?p=77"},"modified":"2007-12-01T12:34:09","modified_gmt":"2007-12-01T10:34:09","slug":"71-si-ayer-te-recordaba-por-arquero_c","status":"publish","type":"post","link":"https:\/\/canal-literatura.es\/Apoesia3\/71-si-ayer-te-recordaba-por-arquero_c\/","title":{"rendered":"71- Si: ayer te recordaba. Por arquero_c"},"content":{"rendered":"<p>S\u00ed: ayer te recordaba,<br \/>\nc\u00f3mo se acuerda el ni\u00f1o abandonado del rescoldo de amor<!--more--><br \/>\nque una vez tuvo; lo mismo que aquel perro<\/p>\n<p>vagabundo imagina a su amo en cada esquina,<br \/>\ny record\u00e9 las cosas que tu mano arrancaba,<br \/>\nausencia de un querer apenas esbozado\u2026<\/p>\n<p>Tal vez fuera por eso que el d\u00eda amaneci\u00f3 de otra manera;<br \/>\ncomo si los colores de la nueva ma\u00f1ana se convirtieran, tristes,<br \/>\nen el ap\u00e1ticos tinte de la lluvia; como si pajarillos<\/p>\n<p>que despueblan de migas las aceras, hubieran irisado<br \/>\nsus plumeros en gris de atardecida; como si la tristeza,<br \/>\nque remonta miradas clandestinas,<\/p>\n<p>se hubiese aposentado en el porche vac\u00edo de la casa\u2026<br \/>\nLos ecos de la calle se fusionan junto a esa tenue luz,<br \/>\nhoy descosida de aquel fanal de viejo y telara\u00f1as,<\/p>\n<p>mientras la melod\u00eda esparce su cadencia<br \/>\npor el altar mayor de los recuerdos.<br \/>\nDecires sin decir, enso\u00f1aciones que un d\u00eda nos llevaron<\/p>\n<p>junto a la barandilla del abismo,<br \/>\ncisura entre tus manos y mi boca,<br \/>\nun transformar amor en puro sexo<\/p>\n<p>sin saber ni pintar la abrupta escena.<br \/>\nSe despierta el insomnio, al filo de la noche<br \/>\ne intento recorrer, en mudo v\u00eda crucis,<\/p>\n<p>parcelas que tu historia retorn\u00f3 intransitables:<br \/>\ncaminos que adolecen de huellas en la arena,<br \/>\nmanantiales de lluvia sin cauce que los gu\u00ede,<\/p>\n<p>pecados imposibles a medio consumir,<br \/>\ncomponen los espacios que adornan la tristeza<br \/>\nde estar donde no estuve, de vagar entre ruinas<\/p>\n<p>a casi dibujar. Consuelo de otras veces<br \/>\nque ronda por la almohada de visiones a medias.<br \/>\nAll\u00e1, en lontananza, acaso se adivina<\/p>\n<p>la l\u00ednea divisoria que concreta tu imagen,<br \/>\ny multitud de horas apresuran su torpe caminar<br \/>\nadonde un ni\u00f1o pinta casitas sin ventanas:<\/p>\n<p>son episodios muertos en brazos de un acaso<br \/>\nque nunca soport\u00f3 la propia extenuaci\u00f3n de aquel deseo,<br \/>\ny entre los tilos que cubren de hojarasca mis oto\u00f1os,<br \/>\n\u00a0<br \/>\npasea a\u00fan, en mito convertida, la pasi\u00f3n que rasg\u00f3<br \/>\nel tacto esplendoroso de tu cuerpo en la sombra\u2026\u00a0<br \/>\nTal vez fuera por eso que los grillos dejaron de cantar la madrugada,<\/p>\n<p>o acaso adivinaron en m\u00ed ese pesar<br \/>\nque remonta la cuesta, y se adormece<br \/>\nen el filo infantil del tiempo roto.<\/p>\n<p>(deserci\u00f3n presentida en el env\u00e9s azul de la inocencia)<\/p>\n","protected":false},"excerpt":{"rendered":"<p>S\u00ed: ayer te recordaba, c\u00f3mo se acuerda el ni\u00f1o abandonado del rescoldo de amor<\/p>\n<p> <a class=\"continue-reading-link\" href=\"https:\/\/canal-literatura.es\/Apoesia3\/71-si-ayer-te-recordaba-por-arquero_c\/\"><span>Leer m\u00e1s<\/span><i class=\"crycon-right-dir\"><\/i><\/a> <\/p>\n","protected":false},"author":1,"featured_media":0,"comment_status":"open","ping_status":"open","sticky":false,"template":"","format":"standard","meta":[],"categories":[3,1],"tags":[],"yoast_head":"<!-- This site is optimized with the Yoast SEO plugin v19.13 - https:\/\/yoast.com\/wordpress\/plugins\/seo\/ -->\n<title>71- Si: ayer te recordaba. Por arquero_c - III Certamen Poemas Sin Rostro<\/title>\n<meta name=\"robots\" content=\"index, follow, max-snippet:-1, max-image-preview:large, max-video-preview:-1\" \/>\n<link rel=\"canonical\" href=\"https:\/\/canal-literatura.es\/Apoesia3\/71-si-ayer-te-recordaba-por-arquero_c\/\" \/>\n<meta property=\"og:locale\" content=\"es_ES\" \/>\n<meta property=\"og:type\" content=\"article\" \/>\n<meta property=\"og:title\" content=\"71- Si: ayer te recordaba. Por arquero_c - III Certamen Poemas Sin Rostro\" \/>\n<meta property=\"og:description\" content=\"S\u00ed: ayer te recordaba, c\u00f3mo se acuerda el ni\u00f1o abandonado del rescoldo de amor Leer m\u00e1s\" \/>\n<meta property=\"og:url\" content=\"https:\/\/canal-literatura.es\/Apoesia3\/71-si-ayer-te-recordaba-por-arquero_c\/\" \/>\n<meta property=\"og:site_name\" content=\"III Certamen Poemas Sin Rostro\" \/>\n<meta property=\"article:published_time\" content=\"2007-08-31T11:50:43+00:00\" \/>\n<meta property=\"article:modified_time\" content=\"2007-12-01T10:34:09+00:00\" \/>\n<meta name=\"author\" content=\"correo\" \/>\n<meta name=\"twitter:card\" content=\"summary_large_image\" \/>\n<meta name=\"twitter:label1\" content=\"Escrito por\" \/>\n\t<meta name=\"twitter:data1\" content=\"correo\" \/>\n\t<meta name=\"twitter:label2\" content=\"Tiempo de lectura\" \/>\n\t<meta name=\"twitter:data2\" content=\"2 minutos\" \/>\n<script type=\"application\/ld+json\" class=\"yoast-schema-graph\">{\"@context\":\"https:\/\/schema.org\",\"@graph\":[{\"@type\":\"WebPage\",\"@id\":\"https:\/\/canal-literatura.es\/Apoesia3\/71-si-ayer-te-recordaba-por-arquero_c\/\",\"url\":\"https:\/\/canal-literatura.es\/Apoesia3\/71-si-ayer-te-recordaba-por-arquero_c\/\",\"name\":\"71- Si: ayer te recordaba. Por arquero_c - III Certamen Poemas Sin Rostro\",\"isPartOf\":{\"@id\":\"https:\/\/canal-literatura.es\/Apoesia3\/#website\"},\"datePublished\":\"2007-08-31T11:50:43+00:00\",\"dateModified\":\"2007-12-01T10:34:09+00:00\",\"author\":{\"@id\":\"https:\/\/canal-literatura.es\/Apoesia3\/#\/schema\/person\/0d6eef9b22d0797c13bc9e535eadc233\"},\"breadcrumb\":{\"@id\":\"https:\/\/canal-literatura.es\/Apoesia3\/71-si-ayer-te-recordaba-por-arquero_c\/#breadcrumb\"},\"inLanguage\":\"es\",\"potentialAction\":[{\"@type\":\"ReadAction\",\"target\":[\"https:\/\/canal-literatura.es\/Apoesia3\/71-si-ayer-te-recordaba-por-arquero_c\/\"]}]},{\"@type\":\"BreadcrumbList\",\"@id\":\"https:\/\/canal-literatura.es\/Apoesia3\/71-si-ayer-te-recordaba-por-arquero_c\/#breadcrumb\",\"itemListElement\":[{\"@type\":\"ListItem\",\"position\":1,\"name\":\"Portada\",\"item\":\"https:\/\/canal-literatura.es\/Apoesia3\/\"},{\"@type\":\"ListItem\",\"position\":2,\"name\":\"71- Si: ayer te recordaba. Por arquero_c\"}]},{\"@type\":\"WebSite\",\"@id\":\"https:\/\/canal-literatura.es\/Apoesia3\/#website\",\"url\":\"https:\/\/canal-literatura.es\/Apoesia3\/\",\"name\":\"III Certamen Poemas Sin Rostro\",\"description\":\"Web dedicada a los poemas, noticias, votaciones y todo lo relativo al III Certamen Poemas Sin Rostro\",\"potentialAction\":[{\"@type\":\"SearchAction\",\"target\":{\"@type\":\"EntryPoint\",\"urlTemplate\":\"https:\/\/canal-literatura.es\/Apoesia3\/?s={search_term_string}\"},\"query-input\":\"required name=search_term_string\"}],\"inLanguage\":\"es\"},{\"@type\":\"Person\",\"@id\":\"https:\/\/canal-literatura.es\/Apoesia3\/#\/schema\/person\/0d6eef9b22d0797c13bc9e535eadc233\",\"name\":\"correo\",\"sameAs\":[\"https:\/\/\"],\"url\":\"https:\/\/canal-literatura.es\/Apoesia3\/author\/admin\/\"}]}<\/script>\n<!-- \/ Yoast SEO plugin. -->","yoast_head_json":{"title":"71- Si: ayer te recordaba. Por arquero_c - III Certamen Poemas Sin Rostro","robots":{"index":"index","follow":"follow","max-snippet":"max-snippet:-1","max-image-preview":"max-image-preview:large","max-video-preview":"max-video-preview:-1"},"canonical":"https:\/\/canal-literatura.es\/Apoesia3\/71-si-ayer-te-recordaba-por-arquero_c\/","og_locale":"es_ES","og_type":"article","og_title":"71- Si: ayer te recordaba. Por arquero_c - III Certamen Poemas Sin Rostro","og_description":"S\u00ed: ayer te recordaba, c\u00f3mo se acuerda el ni\u00f1o abandonado del rescoldo de amor Leer m\u00e1s","og_url":"https:\/\/canal-literatura.es\/Apoesia3\/71-si-ayer-te-recordaba-por-arquero_c\/","og_site_name":"III Certamen Poemas Sin Rostro","article_published_time":"2007-08-31T11:50:43+00:00","article_modified_time":"2007-12-01T10:34:09+00:00","author":"correo","twitter_card":"summary_large_image","twitter_misc":{"Escrito por":"correo","Tiempo de lectura":"2 minutos"},"schema":{"@context":"https:\/\/schema.org","@graph":[{"@type":"WebPage","@id":"https:\/\/canal-literatura.es\/Apoesia3\/71-si-ayer-te-recordaba-por-arquero_c\/","url":"https:\/\/canal-literatura.es\/Apoesia3\/71-si-ayer-te-recordaba-por-arquero_c\/","name":"71- Si: ayer te recordaba. Por arquero_c - III Certamen Poemas Sin Rostro","isPartOf":{"@id":"https:\/\/canal-literatura.es\/Apoesia3\/#website"},"datePublished":"2007-08-31T11:50:43+00:00","dateModified":"2007-12-01T10:34:09+00:00","author":{"@id":"https:\/\/canal-literatura.es\/Apoesia3\/#\/schema\/person\/0d6eef9b22d0797c13bc9e535eadc233"},"breadcrumb":{"@id":"https:\/\/canal-literatura.es\/Apoesia3\/71-si-ayer-te-recordaba-por-arquero_c\/#breadcrumb"},"inLanguage":"es","potentialAction":[{"@type":"ReadAction","target":["https:\/\/canal-literatura.es\/Apoesia3\/71-si-ayer-te-recordaba-por-arquero_c\/"]}]},{"@type":"BreadcrumbList","@id":"https:\/\/canal-literatura.es\/Apoesia3\/71-si-ayer-te-recordaba-por-arquero_c\/#breadcrumb","itemListElement":[{"@type":"ListItem","position":1,"name":"Portada","item":"https:\/\/canal-literatura.es\/Apoesia3\/"},{"@type":"ListItem","position":2,"name":"71- Si: ayer te recordaba. Por arquero_c"}]},{"@type":"WebSite","@id":"https:\/\/canal-literatura.es\/Apoesia3\/#website","url":"https:\/\/canal-literatura.es\/Apoesia3\/","name":"III Certamen Poemas Sin Rostro","description":"Web dedicada a los poemas, noticias, votaciones y todo lo relativo al III Certamen Poemas Sin Rostro","potentialAction":[{"@type":"SearchAction","target":{"@type":"EntryPoint","urlTemplate":"https:\/\/canal-literatura.es\/Apoesia3\/?s={search_term_string}"},"query-input":"required name=search_term_string"}],"inLanguage":"es"},{"@type":"Person","@id":"https:\/\/canal-literatura.es\/Apoesia3\/#\/schema\/person\/0d6eef9b22d0797c13bc9e535eadc233","name":"correo","sameAs":["https:\/\/"],"url":"https:\/\/canal-literatura.es\/Apoesia3\/author\/admin\/"}]}},"amp_enabled":true,"_links":{"self":[{"href":"https:\/\/canal-literatura.es\/Apoesia3\/wp-json\/wp\/v2\/posts\/77"}],"collection":[{"href":"https:\/\/canal-literatura.es\/Apoesia3\/wp-json\/wp\/v2\/posts"}],"about":[{"href":"https:\/\/canal-literatura.es\/Apoesia3\/wp-json\/wp\/v2\/types\/post"}],"author":[{"embeddable":true,"href":"https:\/\/canal-literatura.es\/Apoesia3\/wp-json\/wp\/v2\/users\/1"}],"replies":[{"embeddable":true,"href":"https:\/\/canal-literatura.es\/Apoesia3\/wp-json\/wp\/v2\/comments?post=77"}],"version-history":[{"count":0,"href":"https:\/\/canal-literatura.es\/Apoesia3\/wp-json\/wp\/v2\/posts\/77\/revisions"}],"wp:attachment":[{"href":"https:\/\/canal-literatura.es\/Apoesia3\/wp-json\/wp\/v2\/media?parent=77"}],"wp:term":[{"taxonomy":"category","embeddable":true,"href":"https:\/\/canal-literatura.es\/Apoesia3\/wp-json\/wp\/v2\/categories?post=77"},{"taxonomy":"post_tag","embeddable":true,"href":"https:\/\/canal-literatura.es\/Apoesia3\/wp-json\/wp\/v2\/tags?post=77"}],"curies":[{"name":"wp","href":"https:\/\/api.w.org\/{rel}","templated":true}]}}