{"id":68,"date":"2007-08-29T12:16:31","date_gmt":"2007-08-29T10:16:31","guid":{"rendered":"https:\/\/canal-literatura.com\/Apoesia3\/?p=68"},"modified":"2007-10-15T16:19:09","modified_gmt":"2007-10-15T14:19:09","slug":"62-dejame-llorar-por-ti-por-numen","status":"publish","type":"post","link":"https:\/\/canal-literatura.es\/Apoesia3\/62-dejame-llorar-por-ti-por-numen\/","title":{"rendered":"62- D\u00e9jame llorar por ti. Por Numen"},"content":{"rendered":"<p class=\"MsoNormal\" style=\"margin: 0cm 0cm 0pt\"><font face=\"Times New Roman\" size=\"3\">D\u00e9jame llorar por ti<\/font><\/p>\n<p class=\"MsoNormal\" style=\"margin: 0cm 0cm 0pt\"><font face=\"Times New Roman\" size=\"3\">aunque el falaz pudor me fuerce a mostrarme entero<!--more--><\/font><\/p>\n<p class=\"MsoNormal\" style=\"margin: 0cm 0cm 0pt\"><font face=\"Times New Roman\" size=\"3\">deja que mis l\u00e1grimas rueden presurosas<\/font><\/p>\n<p class=\"MsoNormal\" style=\"margin: 0cm 0cm 0pt\"><font face=\"Times New Roman\" size=\"3\">anhelando hallarte donde quiera que fuiste.<\/font><\/p>\n<p><font face=\"Times New Roman\" size=\"3\" \/><font face=\"Times New Roman\" size=\"3\"><\/p>\n<p class=\"MsoNormal\" style=\"margin: 0cm 0cm 0pt\"><font face=\"Times New Roman\" size=\"3\">No me niegues la satisfacci\u00f3n de padecer<\/font><\/p>\n<p class=\"MsoNormal\" style=\"margin: 0cm 0cm 0pt\"><font face=\"Times New Roman\" size=\"3\">este dolor tempestuoso como un oc\u00e9ano infinito<\/font><\/p>\n<p class=\"MsoNormal\" style=\"margin: 0cm 0cm 0pt\"><font face=\"Times New Roman\" size=\"3\">no permitas que el remordimiento<\/font><\/p>\n<p class=\"MsoNormal\" style=\"margin: 0cm 0cm 0pt\"><font face=\"Times New Roman\" size=\"3\">enturbie la acerada pureza de este instante.<\/font><\/p>\n<p><font face=\"Times New Roman\" size=\"3\" \/><font face=\"Times New Roman\" size=\"3\"><\/p>\n<p class=\"MsoNormal\" style=\"margin: 0cm 0cm 0pt\"><font face=\"Times New Roman\" size=\"3\">Deja que rechace el consuelo del olvido<\/font><\/p>\n<p class=\"MsoNormal\" style=\"margin: 0cm 0cm 0pt\"><font face=\"Times New Roman\" size=\"3\">y que niegue que el tiempo pueda borrarte<\/font><\/p>\n<p class=\"MsoNormal\" style=\"margin: 0cm 0cm 0pt\"><font face=\"Times New Roman\" size=\"3\">no me robes tambi\u00e9n este momento<\/font><\/p>\n<p class=\"MsoNormal\" style=\"margin: 0cm 0cm 0pt\"><font face=\"Times New Roman\" size=\"3\">d\u00e9jame llorar por ti.<\/font><\/p>\n<p><\/font><\/font><\/p>\n","protected":false},"excerpt":{"rendered":"<p>D\u00e9jame llorar por ti aunque el falaz pudor me fuerce a mostrarme entero<\/p>\n<p> <a class=\"continue-reading-link\" href=\"https:\/\/canal-literatura.es\/Apoesia3\/62-dejame-llorar-por-ti-por-numen\/\"><span>Leer m\u00e1s<\/span><i class=\"crycon-right-dir\"><\/i><\/a> <\/p>\n","protected":false},"author":1,"featured_media":0,"comment_status":"open","ping_status":"open","sticky":false,"template":"","format":"standard","meta":[],"categories":[1],"tags":[],"yoast_head":"<!-- This site is optimized with the Yoast SEO plugin v19.13 - https:\/\/yoast.com\/wordpress\/plugins\/seo\/ -->\n<title>62- D\u00e9jame llorar por ti. Por Numen - III Certamen Poemas Sin Rostro<\/title>\n<meta name=\"robots\" content=\"index, follow, max-snippet:-1, max-image-preview:large, max-video-preview:-1\" \/>\n<link rel=\"canonical\" href=\"https:\/\/canal-literatura.es\/Apoesia3\/62-dejame-llorar-por-ti-por-numen\/\" \/>\n<meta property=\"og:locale\" content=\"es_ES\" \/>\n<meta property=\"og:type\" content=\"article\" \/>\n<meta property=\"og:title\" content=\"62- D\u00e9jame llorar por ti. Por Numen - III Certamen Poemas Sin Rostro\" \/>\n<meta property=\"og:description\" content=\"D\u00e9jame llorar por ti aunque el falaz pudor me fuerce a mostrarme entero Leer m\u00e1s\" \/>\n<meta property=\"og:url\" content=\"https:\/\/canal-literatura.es\/Apoesia3\/62-dejame-llorar-por-ti-por-numen\/\" \/>\n<meta property=\"og:site_name\" content=\"III Certamen Poemas Sin Rostro\" \/>\n<meta property=\"article:published_time\" content=\"2007-08-29T10:16:31+00:00\" \/>\n<meta property=\"article:modified_time\" content=\"2007-10-15T14:19:09+00:00\" \/>\n<meta name=\"author\" content=\"correo\" \/>\n<meta name=\"twitter:card\" content=\"summary_large_image\" \/>\n<meta name=\"twitter:label1\" content=\"Escrito por\" \/>\n\t<meta name=\"twitter:data1\" content=\"correo\" \/>\n<script type=\"application\/ld+json\" class=\"yoast-schema-graph\">{\"@context\":\"https:\/\/schema.org\",\"@graph\":[{\"@type\":\"WebPage\",\"@id\":\"https:\/\/canal-literatura.es\/Apoesia3\/62-dejame-llorar-por-ti-por-numen\/\",\"url\":\"https:\/\/canal-literatura.es\/Apoesia3\/62-dejame-llorar-por-ti-por-numen\/\",\"name\":\"62- D\u00e9jame llorar por ti. Por Numen - III Certamen Poemas Sin Rostro\",\"isPartOf\":{\"@id\":\"https:\/\/canal-literatura.es\/Apoesia3\/#website\"},\"datePublished\":\"2007-08-29T10:16:31+00:00\",\"dateModified\":\"2007-10-15T14:19:09+00:00\",\"author\":{\"@id\":\"https:\/\/canal-literatura.es\/Apoesia3\/#\/schema\/person\/0d6eef9b22d0797c13bc9e535eadc233\"},\"breadcrumb\":{\"@id\":\"https:\/\/canal-literatura.es\/Apoesia3\/62-dejame-llorar-por-ti-por-numen\/#breadcrumb\"},\"inLanguage\":\"es\",\"potentialAction\":[{\"@type\":\"ReadAction\",\"target\":[\"https:\/\/canal-literatura.es\/Apoesia3\/62-dejame-llorar-por-ti-por-numen\/\"]}]},{\"@type\":\"BreadcrumbList\",\"@id\":\"https:\/\/canal-literatura.es\/Apoesia3\/62-dejame-llorar-por-ti-por-numen\/#breadcrumb\",\"itemListElement\":[{\"@type\":\"ListItem\",\"position\":1,\"name\":\"Portada\",\"item\":\"https:\/\/canal-literatura.es\/Apoesia3\/\"},{\"@type\":\"ListItem\",\"position\":2,\"name\":\"62- D\u00e9jame llorar por ti. Por Numen\"}]},{\"@type\":\"WebSite\",\"@id\":\"https:\/\/canal-literatura.es\/Apoesia3\/#website\",\"url\":\"https:\/\/canal-literatura.es\/Apoesia3\/\",\"name\":\"III Certamen Poemas Sin Rostro\",\"description\":\"Web dedicada a los poemas, noticias, votaciones y todo lo relativo al III Certamen Poemas Sin Rostro\",\"potentialAction\":[{\"@type\":\"SearchAction\",\"target\":{\"@type\":\"EntryPoint\",\"urlTemplate\":\"https:\/\/canal-literatura.es\/Apoesia3\/?s={search_term_string}\"},\"query-input\":\"required name=search_term_string\"}],\"inLanguage\":\"es\"},{\"@type\":\"Person\",\"@id\":\"https:\/\/canal-literatura.es\/Apoesia3\/#\/schema\/person\/0d6eef9b22d0797c13bc9e535eadc233\",\"name\":\"correo\",\"sameAs\":[\"https:\/\/\"],\"url\":\"https:\/\/canal-literatura.es\/Apoesia3\/author\/admin\/\"}]}<\/script>\n<!-- \/ Yoast SEO plugin. -->","yoast_head_json":{"title":"62- D\u00e9jame llorar por ti. Por Numen - III Certamen Poemas Sin Rostro","robots":{"index":"index","follow":"follow","max-snippet":"max-snippet:-1","max-image-preview":"max-image-preview:large","max-video-preview":"max-video-preview:-1"},"canonical":"https:\/\/canal-literatura.es\/Apoesia3\/62-dejame-llorar-por-ti-por-numen\/","og_locale":"es_ES","og_type":"article","og_title":"62- D\u00e9jame llorar por ti. Por Numen - III Certamen Poemas Sin Rostro","og_description":"D\u00e9jame llorar por ti aunque el falaz pudor me fuerce a mostrarme entero Leer m\u00e1s","og_url":"https:\/\/canal-literatura.es\/Apoesia3\/62-dejame-llorar-por-ti-por-numen\/","og_site_name":"III Certamen Poemas Sin Rostro","article_published_time":"2007-08-29T10:16:31+00:00","article_modified_time":"2007-10-15T14:19:09+00:00","author":"correo","twitter_card":"summary_large_image","twitter_misc":{"Escrito por":"correo"},"schema":{"@context":"https:\/\/schema.org","@graph":[{"@type":"WebPage","@id":"https:\/\/canal-literatura.es\/Apoesia3\/62-dejame-llorar-por-ti-por-numen\/","url":"https:\/\/canal-literatura.es\/Apoesia3\/62-dejame-llorar-por-ti-por-numen\/","name":"62- D\u00e9jame llorar por ti. Por Numen - III Certamen Poemas Sin Rostro","isPartOf":{"@id":"https:\/\/canal-literatura.es\/Apoesia3\/#website"},"datePublished":"2007-08-29T10:16:31+00:00","dateModified":"2007-10-15T14:19:09+00:00","author":{"@id":"https:\/\/canal-literatura.es\/Apoesia3\/#\/schema\/person\/0d6eef9b22d0797c13bc9e535eadc233"},"breadcrumb":{"@id":"https:\/\/canal-literatura.es\/Apoesia3\/62-dejame-llorar-por-ti-por-numen\/#breadcrumb"},"inLanguage":"es","potentialAction":[{"@type":"ReadAction","target":["https:\/\/canal-literatura.es\/Apoesia3\/62-dejame-llorar-por-ti-por-numen\/"]}]},{"@type":"BreadcrumbList","@id":"https:\/\/canal-literatura.es\/Apoesia3\/62-dejame-llorar-por-ti-por-numen\/#breadcrumb","itemListElement":[{"@type":"ListItem","position":1,"name":"Portada","item":"https:\/\/canal-literatura.es\/Apoesia3\/"},{"@type":"ListItem","position":2,"name":"62- D\u00e9jame llorar por ti. Por Numen"}]},{"@type":"WebSite","@id":"https:\/\/canal-literatura.es\/Apoesia3\/#website","url":"https:\/\/canal-literatura.es\/Apoesia3\/","name":"III Certamen Poemas Sin Rostro","description":"Web dedicada a los poemas, noticias, votaciones y todo lo relativo al III Certamen Poemas Sin Rostro","potentialAction":[{"@type":"SearchAction","target":{"@type":"EntryPoint","urlTemplate":"https:\/\/canal-literatura.es\/Apoesia3\/?s={search_term_string}"},"query-input":"required name=search_term_string"}],"inLanguage":"es"},{"@type":"Person","@id":"https:\/\/canal-literatura.es\/Apoesia3\/#\/schema\/person\/0d6eef9b22d0797c13bc9e535eadc233","name":"correo","sameAs":["https:\/\/"],"url":"https:\/\/canal-literatura.es\/Apoesia3\/author\/admin\/"}]}},"amp_enabled":true,"_links":{"self":[{"href":"https:\/\/canal-literatura.es\/Apoesia3\/wp-json\/wp\/v2\/posts\/68"}],"collection":[{"href":"https:\/\/canal-literatura.es\/Apoesia3\/wp-json\/wp\/v2\/posts"}],"about":[{"href":"https:\/\/canal-literatura.es\/Apoesia3\/wp-json\/wp\/v2\/types\/post"}],"author":[{"embeddable":true,"href":"https:\/\/canal-literatura.es\/Apoesia3\/wp-json\/wp\/v2\/users\/1"}],"replies":[{"embeddable":true,"href":"https:\/\/canal-literatura.es\/Apoesia3\/wp-json\/wp\/v2\/comments?post=68"}],"version-history":[{"count":0,"href":"https:\/\/canal-literatura.es\/Apoesia3\/wp-json\/wp\/v2\/posts\/68\/revisions"}],"wp:attachment":[{"href":"https:\/\/canal-literatura.es\/Apoesia3\/wp-json\/wp\/v2\/media?parent=68"}],"wp:term":[{"taxonomy":"category","embeddable":true,"href":"https:\/\/canal-literatura.es\/Apoesia3\/wp-json\/wp\/v2\/categories?post=68"},{"taxonomy":"post_tag","embeddable":true,"href":"https:\/\/canal-literatura.es\/Apoesia3\/wp-json\/wp\/v2\/tags?post=68"}],"curies":[{"name":"wp","href":"https:\/\/api.w.org\/{rel}","templated":true}]}}