{"id":64,"date":"2007-08-28T18:54:22","date_gmt":"2007-08-28T16:54:22","guid":{"rendered":"https:\/\/canal-literatura.com\/Apoesia3\/?p=64"},"modified":"2007-10-15T16:15:29","modified_gmt":"2007-10-15T14:15:29","slug":"58-k-la-raza-de-los-debiles-por-taim","status":"publish","type":"post","link":"https:\/\/canal-literatura.es\/Apoesia3\/58-k-la-raza-de-los-debiles-por-taim\/","title":{"rendered":"58-K, la raza de los d\u00e9biles. Por taim"},"content":{"rendered":"<p align=\"right\"><font size=\"1\"><em>Raza de d\u00e9biles, ven todas las rosas<br \/>\nsobre las aguas negras de la vida.<br \/>\nVenid y ved que all\u00ed donde pon\u00e9is los dedos brota m\u00fasica.<br \/>\n<strong>Antonio Colinas<\/strong><\/em><\/font><\/p>\n<p><font size=\"2\"><font size=\"2\" \/><font size=\"2\"><font size=\"2\" \/><\/font><\/font><font size=\"2\"><font size=\"2\"><font size=\"2\">Una madrugada<br \/>\nUn instante s\u00f3lo<!--more--><br \/>\nLa Raza de los D\u00e9biles<br \/>\nSe rebel\u00f3 \u2013 en silencio \u2013<br \/>\nCuando el D\u00e9bil de los D\u00e9biles<br \/>\n&#8211;\u00a0el esquizofr\u00e9nico genial \u2013<br \/>\n\u00a0\u00a0 rob\u00f3 el Astrolabio<br \/>\nde la Cuna Dorada de Los Fuertes<\/p>\n<p>&#8211;\u00a0Mas no sirvi\u00f3 de nada \u2013<br \/>\n\u00a0\u00a0\u00a0\u00a0\u00a0\u00a0 Porque el d\u00e9bil \u2013 consciente<br \/>\n\u00a0De su locura, que antes ignoraba \u2013<br \/>\nTorn\u00f3 manso, NERVIOSO y consternado<br \/>\na su Cuna de Paja<br \/>\nTodos los lobos<br \/>\n&#8211; todos los Fuertes &#8211;<br \/>\nAl salir de la c\u00e1rcava<br \/>\ncagaban sus lugares comunes<br \/>\nY sus\u00a0 buenas intenciones<br \/>\n&#8211; discretos &#8211;<\/p>\n<p>Mas un d\u00eda se cans\u00f3<br \/>\nEl D\u00e9bil<br \/>\nde ayuntarse<br \/>\nal juicio de los plebeyos predadores \u2013 discretos -.<br \/>\nEl papel del d\u00eda<br \/>\nse le\u00a0 impregnaba al punto de que ya le sorprendieron<br \/>\nlas vetas de su propia piel<br \/>\n&#8211;\u00a0discreta-<br \/>\n\u00a0\u00a0\u00a0 en una charca:<\/p>\n<p>\u201cNo importa la calidad<br \/>\nNo importa que el talento<br \/>\nNo espejee casualmente<br \/>\n&#8211;\u00a0discreto \u2013\u201c<br \/>\n\u00a0<\/p>\n<p>\u00a0<\/p>\n<p>Y El D\u00e9bil vuelve a la cuna<br \/>\n&#8211; de paja &#8211;<br \/>\ndonde virtualmente hace lo que le da la gana<br \/>\nteje<br \/>\n\u00a0tan finas hebras de sue\u00f1os<br \/>\nque nunca las vislumbr\u00e1is<br \/>\n&#8211; vosotros, lobos discretos &#8211;<br \/>\n<\/font><\/font><\/font><\/p>\n","protected":false},"excerpt":{"rendered":"<p>Raza de d\u00e9biles, ven todas las rosas sobre las aguas negras de la vida. Venid y ved que all\u00ed donde pon\u00e9is los dedos brota m\u00fasica. Antonio Colinas Una madrugada Un instante s\u00f3lo<\/p>\n<p> <a class=\"continue-reading-link\" href=\"https:\/\/canal-literatura.es\/Apoesia3\/58-k-la-raza-de-los-debiles-por-taim\/\"><span>Leer m\u00e1s<\/span><i class=\"crycon-right-dir\"><\/i><\/a> <\/p>\n","protected":false},"author":1,"featured_media":0,"comment_status":"open","ping_status":"open","sticky":false,"template":"","format":"standard","meta":[],"categories":[1],"tags":[],"yoast_head":"<!-- This site is optimized with the Yoast SEO plugin v19.13 - https:\/\/yoast.com\/wordpress\/plugins\/seo\/ -->\n<title>58-K, la raza de los d\u00e9biles. Por taim - III Certamen Poemas Sin Rostro<\/title>\n<meta name=\"robots\" content=\"index, follow, max-snippet:-1, max-image-preview:large, max-video-preview:-1\" \/>\n<link rel=\"canonical\" href=\"https:\/\/canal-literatura.es\/Apoesia3\/58-k-la-raza-de-los-debiles-por-taim\/\" \/>\n<meta property=\"og:locale\" content=\"es_ES\" \/>\n<meta property=\"og:type\" content=\"article\" \/>\n<meta property=\"og:title\" content=\"58-K, la raza de los d\u00e9biles. Por taim - III Certamen Poemas Sin Rostro\" \/>\n<meta property=\"og:description\" content=\"Raza de d\u00e9biles, ven todas las rosas sobre las aguas negras de la vida. Venid y ved que all\u00ed donde pon\u00e9is los dedos brota m\u00fasica. Antonio Colinas Una madrugada Un instante s\u00f3lo Leer m\u00e1s\" \/>\n<meta property=\"og:url\" content=\"https:\/\/canal-literatura.es\/Apoesia3\/58-k-la-raza-de-los-debiles-por-taim\/\" \/>\n<meta property=\"og:site_name\" content=\"III Certamen Poemas Sin Rostro\" \/>\n<meta property=\"article:published_time\" content=\"2007-08-28T16:54:22+00:00\" \/>\n<meta property=\"article:modified_time\" content=\"2007-10-15T14:15:29+00:00\" \/>\n<meta name=\"author\" content=\"correo\" \/>\n<meta name=\"twitter:card\" content=\"summary_large_image\" \/>\n<meta name=\"twitter:label1\" content=\"Escrito por\" \/>\n\t<meta name=\"twitter:data1\" content=\"correo\" \/>\n\t<meta name=\"twitter:label2\" content=\"Tiempo de lectura\" \/>\n\t<meta name=\"twitter:data2\" content=\"1 minuto\" \/>\n<script type=\"application\/ld+json\" class=\"yoast-schema-graph\">{\"@context\":\"https:\/\/schema.org\",\"@graph\":[{\"@type\":\"WebPage\",\"@id\":\"https:\/\/canal-literatura.es\/Apoesia3\/58-k-la-raza-de-los-debiles-por-taim\/\",\"url\":\"https:\/\/canal-literatura.es\/Apoesia3\/58-k-la-raza-de-los-debiles-por-taim\/\",\"name\":\"58-K, la raza de los d\u00e9biles. Por taim - III Certamen Poemas Sin Rostro\",\"isPartOf\":{\"@id\":\"https:\/\/canal-literatura.es\/Apoesia3\/#website\"},\"datePublished\":\"2007-08-28T16:54:22+00:00\",\"dateModified\":\"2007-10-15T14:15:29+00:00\",\"author\":{\"@id\":\"https:\/\/canal-literatura.es\/Apoesia3\/#\/schema\/person\/0d6eef9b22d0797c13bc9e535eadc233\"},\"breadcrumb\":{\"@id\":\"https:\/\/canal-literatura.es\/Apoesia3\/58-k-la-raza-de-los-debiles-por-taim\/#breadcrumb\"},\"inLanguage\":\"es\",\"potentialAction\":[{\"@type\":\"ReadAction\",\"target\":[\"https:\/\/canal-literatura.es\/Apoesia3\/58-k-la-raza-de-los-debiles-por-taim\/\"]}]},{\"@type\":\"BreadcrumbList\",\"@id\":\"https:\/\/canal-literatura.es\/Apoesia3\/58-k-la-raza-de-los-debiles-por-taim\/#breadcrumb\",\"itemListElement\":[{\"@type\":\"ListItem\",\"position\":1,\"name\":\"Portada\",\"item\":\"https:\/\/canal-literatura.es\/Apoesia3\/\"},{\"@type\":\"ListItem\",\"position\":2,\"name\":\"58-K, la raza de los d\u00e9biles. Por taim\"}]},{\"@type\":\"WebSite\",\"@id\":\"https:\/\/canal-literatura.es\/Apoesia3\/#website\",\"url\":\"https:\/\/canal-literatura.es\/Apoesia3\/\",\"name\":\"III Certamen Poemas Sin Rostro\",\"description\":\"Web dedicada a los poemas, noticias, votaciones y todo lo relativo al III Certamen Poemas Sin Rostro\",\"potentialAction\":[{\"@type\":\"SearchAction\",\"target\":{\"@type\":\"EntryPoint\",\"urlTemplate\":\"https:\/\/canal-literatura.es\/Apoesia3\/?s={search_term_string}\"},\"query-input\":\"required name=search_term_string\"}],\"inLanguage\":\"es\"},{\"@type\":\"Person\",\"@id\":\"https:\/\/canal-literatura.es\/Apoesia3\/#\/schema\/person\/0d6eef9b22d0797c13bc9e535eadc233\",\"name\":\"correo\",\"sameAs\":[\"https:\/\/\"],\"url\":\"https:\/\/canal-literatura.es\/Apoesia3\/author\/admin\/\"}]}<\/script>\n<!-- \/ Yoast SEO plugin. -->","yoast_head_json":{"title":"58-K, la raza de los d\u00e9biles. Por taim - III Certamen Poemas Sin Rostro","robots":{"index":"index","follow":"follow","max-snippet":"max-snippet:-1","max-image-preview":"max-image-preview:large","max-video-preview":"max-video-preview:-1"},"canonical":"https:\/\/canal-literatura.es\/Apoesia3\/58-k-la-raza-de-los-debiles-por-taim\/","og_locale":"es_ES","og_type":"article","og_title":"58-K, la raza de los d\u00e9biles. Por taim - III Certamen Poemas Sin Rostro","og_description":"Raza de d\u00e9biles, ven todas las rosas sobre las aguas negras de la vida. Venid y ved que all\u00ed donde pon\u00e9is los dedos brota m\u00fasica. Antonio Colinas Una madrugada Un instante s\u00f3lo Leer m\u00e1s","og_url":"https:\/\/canal-literatura.es\/Apoesia3\/58-k-la-raza-de-los-debiles-por-taim\/","og_site_name":"III Certamen Poemas Sin Rostro","article_published_time":"2007-08-28T16:54:22+00:00","article_modified_time":"2007-10-15T14:15:29+00:00","author":"correo","twitter_card":"summary_large_image","twitter_misc":{"Escrito por":"correo","Tiempo de lectura":"1 minuto"},"schema":{"@context":"https:\/\/schema.org","@graph":[{"@type":"WebPage","@id":"https:\/\/canal-literatura.es\/Apoesia3\/58-k-la-raza-de-los-debiles-por-taim\/","url":"https:\/\/canal-literatura.es\/Apoesia3\/58-k-la-raza-de-los-debiles-por-taim\/","name":"58-K, la raza de los d\u00e9biles. Por taim - III Certamen Poemas Sin Rostro","isPartOf":{"@id":"https:\/\/canal-literatura.es\/Apoesia3\/#website"},"datePublished":"2007-08-28T16:54:22+00:00","dateModified":"2007-10-15T14:15:29+00:00","author":{"@id":"https:\/\/canal-literatura.es\/Apoesia3\/#\/schema\/person\/0d6eef9b22d0797c13bc9e535eadc233"},"breadcrumb":{"@id":"https:\/\/canal-literatura.es\/Apoesia3\/58-k-la-raza-de-los-debiles-por-taim\/#breadcrumb"},"inLanguage":"es","potentialAction":[{"@type":"ReadAction","target":["https:\/\/canal-literatura.es\/Apoesia3\/58-k-la-raza-de-los-debiles-por-taim\/"]}]},{"@type":"BreadcrumbList","@id":"https:\/\/canal-literatura.es\/Apoesia3\/58-k-la-raza-de-los-debiles-por-taim\/#breadcrumb","itemListElement":[{"@type":"ListItem","position":1,"name":"Portada","item":"https:\/\/canal-literatura.es\/Apoesia3\/"},{"@type":"ListItem","position":2,"name":"58-K, la raza de los d\u00e9biles. Por taim"}]},{"@type":"WebSite","@id":"https:\/\/canal-literatura.es\/Apoesia3\/#website","url":"https:\/\/canal-literatura.es\/Apoesia3\/","name":"III Certamen Poemas Sin Rostro","description":"Web dedicada a los poemas, noticias, votaciones y todo lo relativo al III Certamen Poemas Sin Rostro","potentialAction":[{"@type":"SearchAction","target":{"@type":"EntryPoint","urlTemplate":"https:\/\/canal-literatura.es\/Apoesia3\/?s={search_term_string}"},"query-input":"required name=search_term_string"}],"inLanguage":"es"},{"@type":"Person","@id":"https:\/\/canal-literatura.es\/Apoesia3\/#\/schema\/person\/0d6eef9b22d0797c13bc9e535eadc233","name":"correo","sameAs":["https:\/\/"],"url":"https:\/\/canal-literatura.es\/Apoesia3\/author\/admin\/"}]}},"amp_enabled":true,"_links":{"self":[{"href":"https:\/\/canal-literatura.es\/Apoesia3\/wp-json\/wp\/v2\/posts\/64"}],"collection":[{"href":"https:\/\/canal-literatura.es\/Apoesia3\/wp-json\/wp\/v2\/posts"}],"about":[{"href":"https:\/\/canal-literatura.es\/Apoesia3\/wp-json\/wp\/v2\/types\/post"}],"author":[{"embeddable":true,"href":"https:\/\/canal-literatura.es\/Apoesia3\/wp-json\/wp\/v2\/users\/1"}],"replies":[{"embeddable":true,"href":"https:\/\/canal-literatura.es\/Apoesia3\/wp-json\/wp\/v2\/comments?post=64"}],"version-history":[{"count":0,"href":"https:\/\/canal-literatura.es\/Apoesia3\/wp-json\/wp\/v2\/posts\/64\/revisions"}],"wp:attachment":[{"href":"https:\/\/canal-literatura.es\/Apoesia3\/wp-json\/wp\/v2\/media?parent=64"}],"wp:term":[{"taxonomy":"category","embeddable":true,"href":"https:\/\/canal-literatura.es\/Apoesia3\/wp-json\/wp\/v2\/categories?post=64"},{"taxonomy":"post_tag","embeddable":true,"href":"https:\/\/canal-literatura.es\/Apoesia3\/wp-json\/wp\/v2\/tags?post=64"}],"curies":[{"name":"wp","href":"https:\/\/api.w.org\/{rel}","templated":true}]}}