{"id":6,"date":"2007-08-11T10:10:42","date_gmt":"2007-08-11T08:10:42","guid":{"rendered":"https:\/\/canal-literatura.com\/Apoesia3\/?p=6"},"modified":"2007-11-01T14:30:02","modified_gmt":"2007-11-01T12:30:02","slug":"2-se-poeta-por-anaximandro","status":"publish","type":"post","link":"https:\/\/canal-literatura.es\/Apoesia3\/2-se-poeta-por-anaximandro\/","title":{"rendered":"2- S\u00e9 poeta. Por Anaximandro"},"content":{"rendered":"<p><font size=\"1\"><strong><font size=\"3\"><font face=\"Times New Roman\"><span style=\"font-size: 12pt; color: red; font-family: 'Times New Roman'; mso-fareast-font-family: 'Times New Roman'; mso-ansi-language: ES; mso-fareast-language: ES; mso-bidi-language: AR-SA\">Descalificado por incumplir la norma n\u00ba 3 de las bases del certamen.<\/span><\/font><\/font><\/strong><\/font><\/p>\n<p><font size=\"2\">\u00a03. Los trabajos presentados deber\u00e1n ser originales e in\u00e9ditos, y no premiados ni pendientes de fallos en otros concursos.<!--more--><\/font><\/p>\n<p>\u00a0Publicado en abril del 2007 en el libro Insonio 24:<\/p>\n<p><a href=\"https:\/\/poesia-irc.com\/tienda\/product_info.php?products_id=44\">https:\/\/poesia-irc.com\/tienda\/product_info.php?products_id=44<\/a><\/p>\n<p>Llev\u00f3 el abuelo al nieto al yunque;<br \/>\ny al ver el macho, negro<br \/>\nde holl\u00edn, llegar con fuerza<br \/>\nhasta el candente acero,<br \/>\nforjando sin dovelas la herradura,<br \/>\ngrit\u00f3: \u00a1yo quiero ser herrero!<br \/>\n.<br \/>\nM\u00e1s tarde lo llev\u00f3 al alfar;<br \/>\ny era un pincel de almagre cada dedo<br \/>\ndel ni\u00f1o, acariciando el fresco c\u00e1ntaro;<br \/>\ny al escuchar el lento<br \/>\narrullo maternal del torno,<br \/>\npens\u00f3 ser alfarero.<br \/>\n.<br \/>\nMirando al alba\u00f1il, que alz\u00f3 su casa<br \/>\ndesde la tierra al cielo,<br \/>\npalp\u00f3 el ladrillo,<br \/>\namas\u00f3 el yeso;<br \/>\ny sin dudarlo dijo: de mayor<br \/>\nser\u00e9 arquitecto.<br \/>\n.<br \/>\nPor fin, tom\u00f3 la gubia,<br \/>\nmordi\u00f3 con la escofina en un madero;<br \/>\nvio que en el tacto y el cari\u00f1o<br \/>\nest\u00e1 todo el secreto<br \/>\ndel arte y la materia,<br \/>\ny quiso ser entonces carpintero.<br \/>\n.<br \/>\nMientras le acariciaba<br \/>\nla avena ensortijada del cabello,<br \/>\ny o\u00eda el crepitar<br \/>\nde hogueras al ram\u00f3n de otros anhelos,<br \/>\ndijo el abuelo al nieto: s\u00e9 poeta<br \/>\ny ser\u00e1s todo eso.<\/p>\n","protected":false},"excerpt":{"rendered":"<p>Descalificado por incumplir la norma n\u00ba 3 de las bases del certamen. \u00a03. Los trabajos presentados deber\u00e1n ser originales e in\u00e9ditos, y no premiados ni pendientes de fallos en otros concursos.<\/p>\n<p> <a class=\"continue-reading-link\" href=\"https:\/\/canal-literatura.es\/Apoesia3\/2-se-poeta-por-anaximandro\/\"><span>Leer m\u00e1s<\/span><i class=\"crycon-right-dir\"><\/i><\/a> <\/p>\n","protected":false},"author":1,"featured_media":0,"comment_status":"open","ping_status":"open","sticky":false,"template":"","format":"standard","meta":[],"categories":[1],"tags":[],"yoast_head":"<!-- This site is optimized with the Yoast SEO plugin v19.13 - https:\/\/yoast.com\/wordpress\/plugins\/seo\/ -->\n<title>2- S\u00e9 poeta. Por Anaximandro - III Certamen Poemas Sin Rostro<\/title>\n<meta name=\"robots\" content=\"index, follow, max-snippet:-1, max-image-preview:large, max-video-preview:-1\" \/>\n<link rel=\"canonical\" href=\"https:\/\/canal-literatura.es\/Apoesia3\/2-se-poeta-por-anaximandro\/\" \/>\n<meta property=\"og:locale\" content=\"es_ES\" \/>\n<meta property=\"og:type\" content=\"article\" \/>\n<meta property=\"og:title\" content=\"2- S\u00e9 poeta. Por Anaximandro - III Certamen Poemas Sin Rostro\" \/>\n<meta property=\"og:description\" content=\"Descalificado por incumplir la norma n\u00ba 3 de las bases del certamen. \u00a03. Los trabajos presentados deber\u00e1n ser originales e in\u00e9ditos, y no premiados ni pendientes de fallos en otros concursos. Leer m\u00e1s\" \/>\n<meta property=\"og:url\" content=\"https:\/\/canal-literatura.es\/Apoesia3\/2-se-poeta-por-anaximandro\/\" \/>\n<meta property=\"og:site_name\" content=\"III Certamen Poemas Sin Rostro\" \/>\n<meta property=\"article:published_time\" content=\"2007-08-11T08:10:42+00:00\" \/>\n<meta property=\"article:modified_time\" content=\"2007-11-01T12:30:02+00:00\" \/>\n<meta name=\"author\" content=\"correo\" \/>\n<meta name=\"twitter:card\" content=\"summary_large_image\" \/>\n<meta name=\"twitter:label1\" content=\"Escrito por\" \/>\n\t<meta name=\"twitter:data1\" content=\"correo\" \/>\n\t<meta name=\"twitter:label2\" content=\"Tiempo de lectura\" \/>\n\t<meta name=\"twitter:data2\" content=\"1 minuto\" \/>\n<script type=\"application\/ld+json\" class=\"yoast-schema-graph\">{\"@context\":\"https:\/\/schema.org\",\"@graph\":[{\"@type\":\"WebPage\",\"@id\":\"https:\/\/canal-literatura.es\/Apoesia3\/2-se-poeta-por-anaximandro\/\",\"url\":\"https:\/\/canal-literatura.es\/Apoesia3\/2-se-poeta-por-anaximandro\/\",\"name\":\"2- S\u00e9 poeta. Por Anaximandro - III Certamen Poemas Sin Rostro\",\"isPartOf\":{\"@id\":\"https:\/\/canal-literatura.es\/Apoesia3\/#website\"},\"datePublished\":\"2007-08-11T08:10:42+00:00\",\"dateModified\":\"2007-11-01T12:30:02+00:00\",\"author\":{\"@id\":\"https:\/\/canal-literatura.es\/Apoesia3\/#\/schema\/person\/0d6eef9b22d0797c13bc9e535eadc233\"},\"breadcrumb\":{\"@id\":\"https:\/\/canal-literatura.es\/Apoesia3\/2-se-poeta-por-anaximandro\/#breadcrumb\"},\"inLanguage\":\"es\",\"potentialAction\":[{\"@type\":\"ReadAction\",\"target\":[\"https:\/\/canal-literatura.es\/Apoesia3\/2-se-poeta-por-anaximandro\/\"]}]},{\"@type\":\"BreadcrumbList\",\"@id\":\"https:\/\/canal-literatura.es\/Apoesia3\/2-se-poeta-por-anaximandro\/#breadcrumb\",\"itemListElement\":[{\"@type\":\"ListItem\",\"position\":1,\"name\":\"Portada\",\"item\":\"https:\/\/canal-literatura.es\/Apoesia3\/\"},{\"@type\":\"ListItem\",\"position\":2,\"name\":\"2- S\u00e9 poeta. Por Anaximandro\"}]},{\"@type\":\"WebSite\",\"@id\":\"https:\/\/canal-literatura.es\/Apoesia3\/#website\",\"url\":\"https:\/\/canal-literatura.es\/Apoesia3\/\",\"name\":\"III Certamen Poemas Sin Rostro\",\"description\":\"Web dedicada a los poemas, noticias, votaciones y todo lo relativo al III Certamen Poemas Sin Rostro\",\"potentialAction\":[{\"@type\":\"SearchAction\",\"target\":{\"@type\":\"EntryPoint\",\"urlTemplate\":\"https:\/\/canal-literatura.es\/Apoesia3\/?s={search_term_string}\"},\"query-input\":\"required name=search_term_string\"}],\"inLanguage\":\"es\"},{\"@type\":\"Person\",\"@id\":\"https:\/\/canal-literatura.es\/Apoesia3\/#\/schema\/person\/0d6eef9b22d0797c13bc9e535eadc233\",\"name\":\"correo\",\"sameAs\":[\"https:\/\/\"],\"url\":\"https:\/\/canal-literatura.es\/Apoesia3\/author\/admin\/\"}]}<\/script>\n<!-- \/ Yoast SEO plugin. -->","yoast_head_json":{"title":"2- S\u00e9 poeta. Por Anaximandro - III Certamen Poemas Sin Rostro","robots":{"index":"index","follow":"follow","max-snippet":"max-snippet:-1","max-image-preview":"max-image-preview:large","max-video-preview":"max-video-preview:-1"},"canonical":"https:\/\/canal-literatura.es\/Apoesia3\/2-se-poeta-por-anaximandro\/","og_locale":"es_ES","og_type":"article","og_title":"2- S\u00e9 poeta. Por Anaximandro - III Certamen Poemas Sin Rostro","og_description":"Descalificado por incumplir la norma n\u00ba 3 de las bases del certamen. \u00a03. Los trabajos presentados deber\u00e1n ser originales e in\u00e9ditos, y no premiados ni pendientes de fallos en otros concursos. Leer m\u00e1s","og_url":"https:\/\/canal-literatura.es\/Apoesia3\/2-se-poeta-por-anaximandro\/","og_site_name":"III Certamen Poemas Sin Rostro","article_published_time":"2007-08-11T08:10:42+00:00","article_modified_time":"2007-11-01T12:30:02+00:00","author":"correo","twitter_card":"summary_large_image","twitter_misc":{"Escrito por":"correo","Tiempo de lectura":"1 minuto"},"schema":{"@context":"https:\/\/schema.org","@graph":[{"@type":"WebPage","@id":"https:\/\/canal-literatura.es\/Apoesia3\/2-se-poeta-por-anaximandro\/","url":"https:\/\/canal-literatura.es\/Apoesia3\/2-se-poeta-por-anaximandro\/","name":"2- S\u00e9 poeta. Por Anaximandro - III Certamen Poemas Sin Rostro","isPartOf":{"@id":"https:\/\/canal-literatura.es\/Apoesia3\/#website"},"datePublished":"2007-08-11T08:10:42+00:00","dateModified":"2007-11-01T12:30:02+00:00","author":{"@id":"https:\/\/canal-literatura.es\/Apoesia3\/#\/schema\/person\/0d6eef9b22d0797c13bc9e535eadc233"},"breadcrumb":{"@id":"https:\/\/canal-literatura.es\/Apoesia3\/2-se-poeta-por-anaximandro\/#breadcrumb"},"inLanguage":"es","potentialAction":[{"@type":"ReadAction","target":["https:\/\/canal-literatura.es\/Apoesia3\/2-se-poeta-por-anaximandro\/"]}]},{"@type":"BreadcrumbList","@id":"https:\/\/canal-literatura.es\/Apoesia3\/2-se-poeta-por-anaximandro\/#breadcrumb","itemListElement":[{"@type":"ListItem","position":1,"name":"Portada","item":"https:\/\/canal-literatura.es\/Apoesia3\/"},{"@type":"ListItem","position":2,"name":"2- S\u00e9 poeta. Por Anaximandro"}]},{"@type":"WebSite","@id":"https:\/\/canal-literatura.es\/Apoesia3\/#website","url":"https:\/\/canal-literatura.es\/Apoesia3\/","name":"III Certamen Poemas Sin Rostro","description":"Web dedicada a los poemas, noticias, votaciones y todo lo relativo al III Certamen Poemas Sin Rostro","potentialAction":[{"@type":"SearchAction","target":{"@type":"EntryPoint","urlTemplate":"https:\/\/canal-literatura.es\/Apoesia3\/?s={search_term_string}"},"query-input":"required name=search_term_string"}],"inLanguage":"es"},{"@type":"Person","@id":"https:\/\/canal-literatura.es\/Apoesia3\/#\/schema\/person\/0d6eef9b22d0797c13bc9e535eadc233","name":"correo","sameAs":["https:\/\/"],"url":"https:\/\/canal-literatura.es\/Apoesia3\/author\/admin\/"}]}},"amp_enabled":true,"_links":{"self":[{"href":"https:\/\/canal-literatura.es\/Apoesia3\/wp-json\/wp\/v2\/posts\/6"}],"collection":[{"href":"https:\/\/canal-literatura.es\/Apoesia3\/wp-json\/wp\/v2\/posts"}],"about":[{"href":"https:\/\/canal-literatura.es\/Apoesia3\/wp-json\/wp\/v2\/types\/post"}],"author":[{"embeddable":true,"href":"https:\/\/canal-literatura.es\/Apoesia3\/wp-json\/wp\/v2\/users\/1"}],"replies":[{"embeddable":true,"href":"https:\/\/canal-literatura.es\/Apoesia3\/wp-json\/wp\/v2\/comments?post=6"}],"version-history":[{"count":0,"href":"https:\/\/canal-literatura.es\/Apoesia3\/wp-json\/wp\/v2\/posts\/6\/revisions"}],"wp:attachment":[{"href":"https:\/\/canal-literatura.es\/Apoesia3\/wp-json\/wp\/v2\/media?parent=6"}],"wp:term":[{"taxonomy":"category","embeddable":true,"href":"https:\/\/canal-literatura.es\/Apoesia3\/wp-json\/wp\/v2\/categories?post=6"},{"taxonomy":"post_tag","embeddable":true,"href":"https:\/\/canal-literatura.es\/Apoesia3\/wp-json\/wp\/v2\/tags?post=6"}],"curies":[{"name":"wp","href":"https:\/\/api.w.org\/{rel}","templated":true}]}}