{"id":41,"date":"2007-08-24T17:07:33","date_gmt":"2007-08-24T15:07:33","guid":{"rendered":"https:\/\/canal-literatura.com\/Apoesia3\/?p=41"},"modified":"2007-10-15T16:00:51","modified_gmt":"2007-10-15T14:00:51","slug":"35-se-que-en-muchas-muertes-por-el-taxidermista","status":"publish","type":"post","link":"https:\/\/canal-literatura.es\/Apoesia3\/35-se-que-en-muchas-muertes-por-el-taxidermista\/","title":{"rendered":"35- Se que en muchas muertes. Por El taxidermista"},"content":{"rendered":"<p>Que en muchas muertes<\/p>\n<p>Se agita la fantas\u00eda preponderante<!--more--><\/p>\n<p>El susurro anochecido del lago<\/p>\n<p>Se que en muchas muertes<\/p>\n<p>Agitan las alas los p\u00e1jaros<\/p>\n<p>Y que el cielo existe palpitante<\/p>\n<p>Muchos d\u00edas pasan<\/p>\n<p>Frente a los parpados excelsos<\/p>\n<p>En todo existe la metamorfosis decadente<\/p>\n<p>Los olfatos de lobos<\/p>\n<p>Hieren la transparencia lun\u00e1tica<\/p>\n<p>Fiel a los testigos negros<\/p>\n<p>El caballero hiere la carne<\/p>\n<p>La fe que enceguece sentidos puros<\/p>\n<p>El lamentar inmortal laber\u00edntico<\/p>\n<p>All\u00e1 y m\u00e1s all\u00e1 de los olvidos<\/p>\n<p>De la presencia loca y decadente<\/p>\n<p>Se manifiesta la forma<\/p>\n<p>Se manifiesta la materia<\/p>\n<p>Se que en muchas muertes<\/p>\n<p>Nacer\u00e1 la luz de la humanidad<\/p>\n<p>Se tambi\u00e9n que poco es esta sombra<\/p>\n<p>De lo que dir\u00e9\u00a0<\/p>\n","protected":false},"excerpt":{"rendered":"<p>Que en muchas muertes Se agita la fantas\u00eda preponderante<\/p>\n<p> <a class=\"continue-reading-link\" href=\"https:\/\/canal-literatura.es\/Apoesia3\/35-se-que-en-muchas-muertes-por-el-taxidermista\/\"><span>Leer m\u00e1s<\/span><i class=\"crycon-right-dir\"><\/i><\/a> <\/p>\n","protected":false},"author":1,"featured_media":0,"comment_status":"open","ping_status":"open","sticky":false,"template":"","format":"standard","meta":[],"categories":[1],"tags":[],"yoast_head":"<!-- This site is optimized with the Yoast SEO plugin v19.13 - https:\/\/yoast.com\/wordpress\/plugins\/seo\/ -->\n<title>35- Se que en muchas muertes. Por El taxidermista - III Certamen Poemas Sin Rostro<\/title>\n<meta name=\"robots\" content=\"index, follow, max-snippet:-1, max-image-preview:large, max-video-preview:-1\" \/>\n<link rel=\"canonical\" href=\"https:\/\/canal-literatura.es\/Apoesia3\/35-se-que-en-muchas-muertes-por-el-taxidermista\/\" \/>\n<meta property=\"og:locale\" content=\"es_ES\" \/>\n<meta property=\"og:type\" content=\"article\" \/>\n<meta property=\"og:title\" content=\"35- Se que en muchas muertes. Por El taxidermista - III Certamen Poemas Sin Rostro\" \/>\n<meta property=\"og:description\" content=\"Que en muchas muertes Se agita la fantas\u00eda preponderante Leer m\u00e1s\" \/>\n<meta property=\"og:url\" content=\"https:\/\/canal-literatura.es\/Apoesia3\/35-se-que-en-muchas-muertes-por-el-taxidermista\/\" \/>\n<meta property=\"og:site_name\" content=\"III Certamen Poemas Sin Rostro\" \/>\n<meta property=\"article:published_time\" content=\"2007-08-24T15:07:33+00:00\" \/>\n<meta property=\"article:modified_time\" content=\"2007-10-15T14:00:51+00:00\" \/>\n<meta name=\"author\" content=\"correo\" \/>\n<meta name=\"twitter:card\" content=\"summary_large_image\" \/>\n<meta name=\"twitter:label1\" content=\"Escrito por\" \/>\n\t<meta name=\"twitter:data1\" content=\"correo\" \/>\n\t<meta name=\"twitter:label2\" content=\"Tiempo de lectura\" \/>\n\t<meta name=\"twitter:data2\" content=\"1 minuto\" \/>\n<script type=\"application\/ld+json\" class=\"yoast-schema-graph\">{\"@context\":\"https:\/\/schema.org\",\"@graph\":[{\"@type\":\"WebPage\",\"@id\":\"https:\/\/canal-literatura.es\/Apoesia3\/35-se-que-en-muchas-muertes-por-el-taxidermista\/\",\"url\":\"https:\/\/canal-literatura.es\/Apoesia3\/35-se-que-en-muchas-muertes-por-el-taxidermista\/\",\"name\":\"35- Se que en muchas muertes. Por El taxidermista - III Certamen Poemas Sin Rostro\",\"isPartOf\":{\"@id\":\"https:\/\/canal-literatura.es\/Apoesia3\/#website\"},\"datePublished\":\"2007-08-24T15:07:33+00:00\",\"dateModified\":\"2007-10-15T14:00:51+00:00\",\"author\":{\"@id\":\"https:\/\/canal-literatura.es\/Apoesia3\/#\/schema\/person\/0d6eef9b22d0797c13bc9e535eadc233\"},\"breadcrumb\":{\"@id\":\"https:\/\/canal-literatura.es\/Apoesia3\/35-se-que-en-muchas-muertes-por-el-taxidermista\/#breadcrumb\"},\"inLanguage\":\"es\",\"potentialAction\":[{\"@type\":\"ReadAction\",\"target\":[\"https:\/\/canal-literatura.es\/Apoesia3\/35-se-que-en-muchas-muertes-por-el-taxidermista\/\"]}]},{\"@type\":\"BreadcrumbList\",\"@id\":\"https:\/\/canal-literatura.es\/Apoesia3\/35-se-que-en-muchas-muertes-por-el-taxidermista\/#breadcrumb\",\"itemListElement\":[{\"@type\":\"ListItem\",\"position\":1,\"name\":\"Portada\",\"item\":\"https:\/\/canal-literatura.es\/Apoesia3\/\"},{\"@type\":\"ListItem\",\"position\":2,\"name\":\"35- Se que en muchas muertes. Por El taxidermista\"}]},{\"@type\":\"WebSite\",\"@id\":\"https:\/\/canal-literatura.es\/Apoesia3\/#website\",\"url\":\"https:\/\/canal-literatura.es\/Apoesia3\/\",\"name\":\"III Certamen Poemas Sin Rostro\",\"description\":\"Web dedicada a los poemas, noticias, votaciones y todo lo relativo al III Certamen Poemas Sin Rostro\",\"potentialAction\":[{\"@type\":\"SearchAction\",\"target\":{\"@type\":\"EntryPoint\",\"urlTemplate\":\"https:\/\/canal-literatura.es\/Apoesia3\/?s={search_term_string}\"},\"query-input\":\"required name=search_term_string\"}],\"inLanguage\":\"es\"},{\"@type\":\"Person\",\"@id\":\"https:\/\/canal-literatura.es\/Apoesia3\/#\/schema\/person\/0d6eef9b22d0797c13bc9e535eadc233\",\"name\":\"correo\",\"sameAs\":[\"https:\/\/\"],\"url\":\"https:\/\/canal-literatura.es\/Apoesia3\/author\/admin\/\"}]}<\/script>\n<!-- \/ Yoast SEO plugin. -->","yoast_head_json":{"title":"35- Se que en muchas muertes. Por El taxidermista - III Certamen Poemas Sin Rostro","robots":{"index":"index","follow":"follow","max-snippet":"max-snippet:-1","max-image-preview":"max-image-preview:large","max-video-preview":"max-video-preview:-1"},"canonical":"https:\/\/canal-literatura.es\/Apoesia3\/35-se-que-en-muchas-muertes-por-el-taxidermista\/","og_locale":"es_ES","og_type":"article","og_title":"35- Se que en muchas muertes. Por El taxidermista - III Certamen Poemas Sin Rostro","og_description":"Que en muchas muertes Se agita la fantas\u00eda preponderante Leer m\u00e1s","og_url":"https:\/\/canal-literatura.es\/Apoesia3\/35-se-que-en-muchas-muertes-por-el-taxidermista\/","og_site_name":"III Certamen Poemas Sin Rostro","article_published_time":"2007-08-24T15:07:33+00:00","article_modified_time":"2007-10-15T14:00:51+00:00","author":"correo","twitter_card":"summary_large_image","twitter_misc":{"Escrito por":"correo","Tiempo de lectura":"1 minuto"},"schema":{"@context":"https:\/\/schema.org","@graph":[{"@type":"WebPage","@id":"https:\/\/canal-literatura.es\/Apoesia3\/35-se-que-en-muchas-muertes-por-el-taxidermista\/","url":"https:\/\/canal-literatura.es\/Apoesia3\/35-se-que-en-muchas-muertes-por-el-taxidermista\/","name":"35- Se que en muchas muertes. Por El taxidermista - III Certamen Poemas Sin Rostro","isPartOf":{"@id":"https:\/\/canal-literatura.es\/Apoesia3\/#website"},"datePublished":"2007-08-24T15:07:33+00:00","dateModified":"2007-10-15T14:00:51+00:00","author":{"@id":"https:\/\/canal-literatura.es\/Apoesia3\/#\/schema\/person\/0d6eef9b22d0797c13bc9e535eadc233"},"breadcrumb":{"@id":"https:\/\/canal-literatura.es\/Apoesia3\/35-se-que-en-muchas-muertes-por-el-taxidermista\/#breadcrumb"},"inLanguage":"es","potentialAction":[{"@type":"ReadAction","target":["https:\/\/canal-literatura.es\/Apoesia3\/35-se-que-en-muchas-muertes-por-el-taxidermista\/"]}]},{"@type":"BreadcrumbList","@id":"https:\/\/canal-literatura.es\/Apoesia3\/35-se-que-en-muchas-muertes-por-el-taxidermista\/#breadcrumb","itemListElement":[{"@type":"ListItem","position":1,"name":"Portada","item":"https:\/\/canal-literatura.es\/Apoesia3\/"},{"@type":"ListItem","position":2,"name":"35- Se que en muchas muertes. Por El taxidermista"}]},{"@type":"WebSite","@id":"https:\/\/canal-literatura.es\/Apoesia3\/#website","url":"https:\/\/canal-literatura.es\/Apoesia3\/","name":"III Certamen Poemas Sin Rostro","description":"Web dedicada a los poemas, noticias, votaciones y todo lo relativo al III Certamen Poemas Sin Rostro","potentialAction":[{"@type":"SearchAction","target":{"@type":"EntryPoint","urlTemplate":"https:\/\/canal-literatura.es\/Apoesia3\/?s={search_term_string}"},"query-input":"required name=search_term_string"}],"inLanguage":"es"},{"@type":"Person","@id":"https:\/\/canal-literatura.es\/Apoesia3\/#\/schema\/person\/0d6eef9b22d0797c13bc9e535eadc233","name":"correo","sameAs":["https:\/\/"],"url":"https:\/\/canal-literatura.es\/Apoesia3\/author\/admin\/"}]}},"amp_enabled":true,"_links":{"self":[{"href":"https:\/\/canal-literatura.es\/Apoesia3\/wp-json\/wp\/v2\/posts\/41"}],"collection":[{"href":"https:\/\/canal-literatura.es\/Apoesia3\/wp-json\/wp\/v2\/posts"}],"about":[{"href":"https:\/\/canal-literatura.es\/Apoesia3\/wp-json\/wp\/v2\/types\/post"}],"author":[{"embeddable":true,"href":"https:\/\/canal-literatura.es\/Apoesia3\/wp-json\/wp\/v2\/users\/1"}],"replies":[{"embeddable":true,"href":"https:\/\/canal-literatura.es\/Apoesia3\/wp-json\/wp\/v2\/comments?post=41"}],"version-history":[{"count":0,"href":"https:\/\/canal-literatura.es\/Apoesia3\/wp-json\/wp\/v2\/posts\/41\/revisions"}],"wp:attachment":[{"href":"https:\/\/canal-literatura.es\/Apoesia3\/wp-json\/wp\/v2\/media?parent=41"}],"wp:term":[{"taxonomy":"category","embeddable":true,"href":"https:\/\/canal-literatura.es\/Apoesia3\/wp-json\/wp\/v2\/categories?post=41"},{"taxonomy":"post_tag","embeddable":true,"href":"https:\/\/canal-literatura.es\/Apoesia3\/wp-json\/wp\/v2\/tags?post=41"}],"curies":[{"name":"wp","href":"https:\/\/api.w.org\/{rel}","templated":true}]}}