{"id":4,"date":"2007-08-10T13:27:12","date_gmt":"2007-08-10T11:27:12","guid":{"rendered":"https:\/\/canal-literatura.com\/Apoesia3\/?p=4"},"modified":"2007-08-17T14:34:00","modified_gmt":"2007-08-17T12:34:00","slug":"se-convoca-el-iii-certamen-poemas-sin-rostro-2007","status":"publish","type":"post","link":"https:\/\/canal-literatura.es\/Apoesia3\/se-convoca-el-iii-certamen-poemas-sin-rostro-2007\/","title":{"rendered":"Se convoca el III Certamen \u00abPoemas sin Rostro\u00bb 2007"},"content":{"rendered":"<p>A partir de hoy todos los autores interesados pueden mandar sus poemas originales a concurso para esta tercera edici\u00f3n hasta el 30 de septiembre del 2007.<\/p>\n<div style=\"text-align: center\"><img decoding=\"async\" src=\"https:\/\/www.canal-literatura.es\/banner\/3poemas\/banner-poemas-222.JPG\" \/><\/div>\n<p>\u00a0<\/p>\n<p>En el apartado BASES, escontrar\u00e1s todos los requisitos,premios y forma de env\u00edo de los mismos.<\/p>\n<p>El jurado compuesto por <strong>Vicente Gallego y Raquel Lanseros<\/strong> decidir\u00e1n los ganadores de este a\u00f1o y el fallo se comunicar\u00e1 en diciembre del 2007.<\/p>\n<p>Los premios se entregar\u00e1n en el 2008, coinciciendo con la entrega de premios anual de la Asociaci\u00f3n Canal Literatura.<\/p>\n<p>\u00c1nimo y suerte a todos los participantes.<\/p>\n<p>\u00a0<\/p>\n<p><center>P<a href=\"https:\/\/www.laverdad.es\/murcia\/ocio\/otro_contenido\/200708\/16\/poemas-sin-rostro.html\" target=\"_new\">incha aqu\u00ed para ver la noticia en LAVERDAD.ES<\/a><\/center><center><a href=\"https:\/\/www.utopiamail.net\/libros\/desktopdefault.aspx?pagina=~\/paginas\/arti2007\/arti131.ascx\" target=\"_blank\">Aqu\u00ed para verla en Anika Libros<\/a><\/center><center><center><center><a href=\"https:\/\/www.eldigoras.com\/premios\/premios1041.html\" target=\"_blank\">Aqu\u00ed para ver la noticia en Eld\u00edgoras.com<\/a><\/center><center><a href=\"https:\/\/www.ociojoven.com\/article\/articleview\/983737\/1\/247\/\" target=\"_blank\">Aqu\u00ed para ver la noticia en Ya.com<\/a><\/center><\/center><\/center>\u00a0<\/p>\n","protected":false},"excerpt":{"rendered":"<p>A partir de hoy todos los autores interesados pueden mandar sus poemas originales a concurso para esta tercera edici\u00f3n hasta el 30 de septiembre del 2007. \u00a0 En el apartado BASES, escontrar\u00e1s todos los requisitos,premios y forma de env\u00edo de los mismos. El jurado compuesto por Vicente Gallego y Raquel&#8230;<\/p>\n<p> <a class=\"continue-reading-link\" href=\"https:\/\/canal-literatura.es\/Apoesia3\/se-convoca-el-iii-certamen-poemas-sin-rostro-2007\/\"><span>Leer m\u00e1s<\/span><i class=\"crycon-right-dir\"><\/i><\/a> <\/p>\n","protected":false},"author":1,"featured_media":0,"comment_status":"open","ping_status":"open","sticky":false,"template":"","format":"standard","meta":[],"categories":[2],"tags":[],"yoast_head":"<!-- This site is optimized with the Yoast SEO plugin v19.13 - https:\/\/yoast.com\/wordpress\/plugins\/seo\/ -->\n<title>Se convoca el III Certamen &quot;Poemas sin Rostro&quot; 2007 - III Certamen Poemas Sin Rostro<\/title>\n<meta name=\"robots\" content=\"index, follow, max-snippet:-1, max-image-preview:large, max-video-preview:-1\" \/>\n<link rel=\"canonical\" href=\"https:\/\/canal-literatura.es\/Apoesia3\/se-convoca-el-iii-certamen-poemas-sin-rostro-2007\/\" \/>\n<meta property=\"og:locale\" content=\"es_ES\" \/>\n<meta property=\"og:type\" content=\"article\" \/>\n<meta property=\"og:title\" content=\"Se convoca el III Certamen &quot;Poemas sin Rostro&quot; 2007 - III Certamen Poemas Sin Rostro\" \/>\n<meta property=\"og:description\" content=\"A partir de hoy todos los autores interesados pueden mandar sus poemas originales a concurso para esta tercera edici\u00f3n hasta el 30 de septiembre del 2007. \u00a0 En el apartado BASES, escontrar\u00e1s todos los requisitos,premios y forma de env\u00edo de los mismos. El jurado compuesto por Vicente Gallego y Raquel... Leer m\u00e1s\" \/>\n<meta property=\"og:url\" content=\"https:\/\/canal-literatura.es\/Apoesia3\/se-convoca-el-iii-certamen-poemas-sin-rostro-2007\/\" \/>\n<meta property=\"og:site_name\" content=\"III Certamen Poemas Sin Rostro\" \/>\n<meta property=\"article:published_time\" content=\"2007-08-10T11:27:12+00:00\" \/>\n<meta property=\"article:modified_time\" content=\"2007-08-17T12:34:00+00:00\" \/>\n<meta property=\"og:image\" content=\"https:\/\/www.canal-literatura.es\/banner\/3poemas\/banner-poemas-222.JPG\" \/>\n<meta name=\"author\" content=\"correo\" \/>\n<meta name=\"twitter:card\" content=\"summary_large_image\" \/>\n<meta name=\"twitter:label1\" content=\"Escrito por\" \/>\n\t<meta name=\"twitter:data1\" content=\"correo\" \/>\n\t<meta name=\"twitter:label2\" content=\"Tiempo de lectura\" \/>\n\t<meta name=\"twitter:data2\" content=\"1 minuto\" \/>\n<script type=\"application\/ld+json\" class=\"yoast-schema-graph\">{\"@context\":\"https:\/\/schema.org\",\"@graph\":[{\"@type\":\"WebPage\",\"@id\":\"https:\/\/canal-literatura.es\/Apoesia3\/se-convoca-el-iii-certamen-poemas-sin-rostro-2007\/\",\"url\":\"https:\/\/canal-literatura.es\/Apoesia3\/se-convoca-el-iii-certamen-poemas-sin-rostro-2007\/\",\"name\":\"Se convoca el III Certamen \\\"Poemas sin Rostro\\\" 2007 - III Certamen Poemas Sin Rostro\",\"isPartOf\":{\"@id\":\"https:\/\/canal-literatura.es\/Apoesia3\/#website\"},\"datePublished\":\"2007-08-10T11:27:12+00:00\",\"dateModified\":\"2007-08-17T12:34:00+00:00\",\"author\":{\"@id\":\"https:\/\/canal-literatura.es\/Apoesia3\/#\/schema\/person\/0d6eef9b22d0797c13bc9e535eadc233\"},\"breadcrumb\":{\"@id\":\"https:\/\/canal-literatura.es\/Apoesia3\/se-convoca-el-iii-certamen-poemas-sin-rostro-2007\/#breadcrumb\"},\"inLanguage\":\"es\",\"potentialAction\":[{\"@type\":\"ReadAction\",\"target\":[\"https:\/\/canal-literatura.es\/Apoesia3\/se-convoca-el-iii-certamen-poemas-sin-rostro-2007\/\"]}]},{\"@type\":\"BreadcrumbList\",\"@id\":\"https:\/\/canal-literatura.es\/Apoesia3\/se-convoca-el-iii-certamen-poemas-sin-rostro-2007\/#breadcrumb\",\"itemListElement\":[{\"@type\":\"ListItem\",\"position\":1,\"name\":\"Portada\",\"item\":\"https:\/\/canal-literatura.es\/Apoesia3\/\"},{\"@type\":\"ListItem\",\"position\":2,\"name\":\"Se convoca el III Certamen \u00abPoemas sin Rostro\u00bb 2007\"}]},{\"@type\":\"WebSite\",\"@id\":\"https:\/\/canal-literatura.es\/Apoesia3\/#website\",\"url\":\"https:\/\/canal-literatura.es\/Apoesia3\/\",\"name\":\"III Certamen Poemas Sin Rostro\",\"description\":\"Web dedicada a los poemas, noticias, votaciones y todo lo relativo al III Certamen Poemas Sin Rostro\",\"potentialAction\":[{\"@type\":\"SearchAction\",\"target\":{\"@type\":\"EntryPoint\",\"urlTemplate\":\"https:\/\/canal-literatura.es\/Apoesia3\/?s={search_term_string}\"},\"query-input\":\"required name=search_term_string\"}],\"inLanguage\":\"es\"},{\"@type\":\"Person\",\"@id\":\"https:\/\/canal-literatura.es\/Apoesia3\/#\/schema\/person\/0d6eef9b22d0797c13bc9e535eadc233\",\"name\":\"correo\",\"sameAs\":[\"https:\/\/\"],\"url\":\"https:\/\/canal-literatura.es\/Apoesia3\/author\/admin\/\"}]}<\/script>\n<!-- \/ Yoast SEO plugin. -->","yoast_head_json":{"title":"Se convoca el III Certamen \"Poemas sin Rostro\" 2007 - III Certamen Poemas Sin Rostro","robots":{"index":"index","follow":"follow","max-snippet":"max-snippet:-1","max-image-preview":"max-image-preview:large","max-video-preview":"max-video-preview:-1"},"canonical":"https:\/\/canal-literatura.es\/Apoesia3\/se-convoca-el-iii-certamen-poemas-sin-rostro-2007\/","og_locale":"es_ES","og_type":"article","og_title":"Se convoca el III Certamen \"Poemas sin Rostro\" 2007 - III Certamen Poemas Sin Rostro","og_description":"A partir de hoy todos los autores interesados pueden mandar sus poemas originales a concurso para esta tercera edici\u00f3n hasta el 30 de septiembre del 2007. \u00a0 En el apartado BASES, escontrar\u00e1s todos los requisitos,premios y forma de env\u00edo de los mismos. El jurado compuesto por Vicente Gallego y Raquel... Leer m\u00e1s","og_url":"https:\/\/canal-literatura.es\/Apoesia3\/se-convoca-el-iii-certamen-poemas-sin-rostro-2007\/","og_site_name":"III Certamen Poemas Sin Rostro","article_published_time":"2007-08-10T11:27:12+00:00","article_modified_time":"2007-08-17T12:34:00+00:00","og_image":[{"url":"https:\/\/www.canal-literatura.es\/banner\/3poemas\/banner-poemas-222.JPG"}],"author":"correo","twitter_card":"summary_large_image","twitter_misc":{"Escrito por":"correo","Tiempo de lectura":"1 minuto"},"schema":{"@context":"https:\/\/schema.org","@graph":[{"@type":"WebPage","@id":"https:\/\/canal-literatura.es\/Apoesia3\/se-convoca-el-iii-certamen-poemas-sin-rostro-2007\/","url":"https:\/\/canal-literatura.es\/Apoesia3\/se-convoca-el-iii-certamen-poemas-sin-rostro-2007\/","name":"Se convoca el III Certamen \"Poemas sin Rostro\" 2007 - III Certamen Poemas Sin Rostro","isPartOf":{"@id":"https:\/\/canal-literatura.es\/Apoesia3\/#website"},"datePublished":"2007-08-10T11:27:12+00:00","dateModified":"2007-08-17T12:34:00+00:00","author":{"@id":"https:\/\/canal-literatura.es\/Apoesia3\/#\/schema\/person\/0d6eef9b22d0797c13bc9e535eadc233"},"breadcrumb":{"@id":"https:\/\/canal-literatura.es\/Apoesia3\/se-convoca-el-iii-certamen-poemas-sin-rostro-2007\/#breadcrumb"},"inLanguage":"es","potentialAction":[{"@type":"ReadAction","target":["https:\/\/canal-literatura.es\/Apoesia3\/se-convoca-el-iii-certamen-poemas-sin-rostro-2007\/"]}]},{"@type":"BreadcrumbList","@id":"https:\/\/canal-literatura.es\/Apoesia3\/se-convoca-el-iii-certamen-poemas-sin-rostro-2007\/#breadcrumb","itemListElement":[{"@type":"ListItem","position":1,"name":"Portada","item":"https:\/\/canal-literatura.es\/Apoesia3\/"},{"@type":"ListItem","position":2,"name":"Se convoca el III Certamen \u00abPoemas sin Rostro\u00bb 2007"}]},{"@type":"WebSite","@id":"https:\/\/canal-literatura.es\/Apoesia3\/#website","url":"https:\/\/canal-literatura.es\/Apoesia3\/","name":"III Certamen Poemas Sin Rostro","description":"Web dedicada a los poemas, noticias, votaciones y todo lo relativo al III Certamen Poemas Sin Rostro","potentialAction":[{"@type":"SearchAction","target":{"@type":"EntryPoint","urlTemplate":"https:\/\/canal-literatura.es\/Apoesia3\/?s={search_term_string}"},"query-input":"required name=search_term_string"}],"inLanguage":"es"},{"@type":"Person","@id":"https:\/\/canal-literatura.es\/Apoesia3\/#\/schema\/person\/0d6eef9b22d0797c13bc9e535eadc233","name":"correo","sameAs":["https:\/\/"],"url":"https:\/\/canal-literatura.es\/Apoesia3\/author\/admin\/"}]}},"amp_enabled":true,"_links":{"self":[{"href":"https:\/\/canal-literatura.es\/Apoesia3\/wp-json\/wp\/v2\/posts\/4"}],"collection":[{"href":"https:\/\/canal-literatura.es\/Apoesia3\/wp-json\/wp\/v2\/posts"}],"about":[{"href":"https:\/\/canal-literatura.es\/Apoesia3\/wp-json\/wp\/v2\/types\/post"}],"author":[{"embeddable":true,"href":"https:\/\/canal-literatura.es\/Apoesia3\/wp-json\/wp\/v2\/users\/1"}],"replies":[{"embeddable":true,"href":"https:\/\/canal-literatura.es\/Apoesia3\/wp-json\/wp\/v2\/comments?post=4"}],"version-history":[{"count":0,"href":"https:\/\/canal-literatura.es\/Apoesia3\/wp-json\/wp\/v2\/posts\/4\/revisions"}],"wp:attachment":[{"href":"https:\/\/canal-literatura.es\/Apoesia3\/wp-json\/wp\/v2\/media?parent=4"}],"wp:term":[{"taxonomy":"category","embeddable":true,"href":"https:\/\/canal-literatura.es\/Apoesia3\/wp-json\/wp\/v2\/categories?post=4"},{"taxonomy":"post_tag","embeddable":true,"href":"https:\/\/canal-literatura.es\/Apoesia3\/wp-json\/wp\/v2\/tags?post=4"}],"curies":[{"name":"wp","href":"https:\/\/api.w.org\/{rel}","templated":true}]}}