{"id":36,"date":"2007-08-23T19:22:28","date_gmt":"2007-08-23T17:22:28","guid":{"rendered":"https:\/\/canal-literatura.com\/Apoesia3\/?p=36"},"modified":"2007-10-15T15:57:09","modified_gmt":"2007-10-15T13:57:09","slug":"30-literalunas-por-betyta","status":"publish","type":"post","link":"https:\/\/canal-literatura.es\/Apoesia3\/30-literalunas-por-betyta\/","title":{"rendered":"30- Literalunas. Por Betyta"},"content":{"rendered":"<p><font size=\"3\"><font face=\"Times New Roman\">Espacio de emoci\u00f3n olvidada de violetas,<br \/>\n<\/font><\/font><font size=\"3\"><font face=\"Times New Roman\">donde la sugesti\u00f3n de la imagen se deshace,<!--more--><br \/>\n<\/font><\/font><font size=\"3\"><font face=\"Times New Roman\">donde se enmarca la tarde cuando nace<br \/>\n<\/font><\/font><font size=\"3\"><font face=\"Times New Roman\">y se hace luz una luna luna<br \/>\n<\/font><\/font><font size=\"3\"><font face=\"Times New Roman\">en la poes\u00eda quieta.<br \/>\n<\/font><\/font><font size=\"3\"><font face=\"Times New Roman\">Y se entrega a la noche su encanto<br \/>\n<\/font><\/font><font size=\"3\"><font face=\"Times New Roman\">latiendo en un menguante de poetas.<br \/>\n<\/font><\/font><font face=\"Times New Roman\" size=\"3\">\u00a0<\/font><\/p>\n<p><font face=\"Times New Roman\" size=\"3\"><font face=\"Times New Roman\" size=\"3\"><font size=\"3\"><font face=\"Times New Roman\">PARA DECIR<br \/>\n<\/font><\/font><font face=\"Times New Roman\" size=\"3\">\u00a0<\/font><\/font><\/font><font face=\"Times New Roman\" size=\"3\"><font face=\"Times New Roman\" size=\"3\"><font size=\"3\"><font face=\"Times New Roman\">Para decir lo que digo necesito:<br \/>\n<\/font><\/font><font size=\"3\"><font face=\"Times New Roman\">poner amarillo en lo amarillo<br \/>\n<\/font><\/font><font size=\"3\"><font face=\"Times New Roman\">y el tejido con lana en la textura<br \/>\n<\/font><\/font><font size=\"3\"><font face=\"Times New Roman\">el pincel cargado de pintura<br \/>\n<\/font><\/font><font size=\"3\"><font face=\"Times New Roman\">y color rojo en el rojo de los pinos.<br \/>\n<\/font><\/font><font size=\"3\"><font face=\"Times New Roman\">Para entender los sentidos necesito:<br \/>\n<\/font><\/font><font size=\"3\"><font face=\"Times New Roman\">poner ojos en la mirada de la gente<br \/>\n<\/font><\/font><font size=\"3\"><font face=\"Times New Roman\">y latir junto a latidos que laten simplemente.<br \/>\n<\/font><\/font><font size=\"3\"><font face=\"Times New Roman\">Y hablar<br \/>\n<\/font><\/font><font size=\"3\"><font face=\"Times New Roman\">con palabras que huelen, gustan, tocan, escuchan, miran,<br \/>\n<\/font><\/font><font size=\"3\"><font face=\"Times New Roman\">duelen.<br \/>\n<\/font><\/font><font size=\"3\"><font face=\"Times New Roman\">Y conmover<br \/>\n<\/font><\/font><font size=\"3\"><font face=\"Times New Roman\">respirando el mismo aire que tantos otros<br \/>\n<\/font><\/font><font size=\"3\"><font face=\"Times New Roman\">encendiendo m\u00e1s palabras con sentidos<br \/>\n<\/font><\/font><font size=\"3\"><font face=\"Times New Roman\">poniendo el azul en lo azul, el ser en el ser<br \/>\n<\/font><\/font><font size=\"3\"><font face=\"Times New Roman\">\u00a0y el alguien en alg\u00fan desconocido.<br \/>\n<\/font><\/font><font size=\"3\"><font face=\"Times New Roman\">Necesito: poner alfabetos y palabras<br \/>\n<\/font><\/font><font size=\"3\"><font face=\"Times New Roman\">para los que no leen, para los que no hablan<br \/>\n<\/font><\/font><font size=\"3\"><font face=\"Times New Roman\">asustados por el miedo, la pobreza, el hambre y la ignorancia.<br \/>\n<\/font><\/font><font face=\"Times New Roman\" size=\"3\">\u00a0<\/font><\/p>\n<p><font face=\"Times New Roman\" size=\"3\"><font face=\"Times New Roman\" size=\"3\"><font size=\"3\"><font face=\"Times New Roman\">VIAJE<br \/>\n<\/font><\/font><font face=\"Times New Roman\" size=\"3\">\u00a0<\/font><\/font><\/font><font face=\"Times New Roman\" size=\"3\"><font face=\"Times New Roman\" size=\"3\"><font size=\"3\"><font face=\"Times New Roman\">Ten\u00eda sobre la cabeza un eclipse de sol<br \/>\n<\/font><\/font><font size=\"3\"><font face=\"Times New Roman\">Y llevaba a cuestas un par de alas.<br \/>\n<\/font><\/font><font size=\"3\"><font face=\"Times New Roman\">En su equipaje un silencio azul<br \/>\n<\/font><\/font><font size=\"3\"><font face=\"Times New Roman\">Y en la mano una guirnalda de hojalata.<br \/>\n<\/font><\/font><font size=\"3\"><font face=\"Times New Roman\">Mientras los astros giraban a su paso<br \/>\n<\/font><\/font><font size=\"3\"><font face=\"Times New Roman\">Pon\u00eda en sus bolsillos, la ma\u00f1ana.<br \/>\n<\/font><\/font><font size=\"3\"><font face=\"Times New Roman\">Se acostaba all\u00e1, en el horizonte,<br \/>\n<\/font><\/font><font size=\"3\"><font face=\"Times New Roman\">Escuchando posibles serenatas.<br \/>\n<\/font><\/font><font size=\"3\"><font face=\"Times New Roman\">Viaj\u00f3 sobre revistas, diarios y papeles<br \/>\n<\/font><\/font><font size=\"3\"><font face=\"Times New Roman\">Entrevistando a gaviotas desoladas<br \/>\n<\/font><\/font><font size=\"3\"><font face=\"Times New Roman\">Encontr\u00f3 en los nidos los relojes<br \/>\n<\/font><\/font><font size=\"3\"><font face=\"Times New Roman\">Y a los n\u00fameros del tiempo en cabalgatas.<br \/>\n<\/font><\/font><font size=\"3\"><font face=\"Times New Roman\">Creyeron que temblaba en sus locuras<br \/>\n<\/font><\/font><font size=\"3\"><font face=\"Times New Roman\">De decir por decir lo que pensaba.<br \/>\n<\/font><\/font><font size=\"3\"><font face=\"Times New Roman\">Y se fue volando junto a dos palomas<br \/>\n<\/font><\/font>Cuando el eclipse de sol se terminaba.<\/p>\n<p \/><\/font><\/font><\/font><\/font><\/p>\n","protected":false},"excerpt":{"rendered":"<p>Espacio de emoci\u00f3n olvidada de violetas, donde la sugesti\u00f3n de la imagen se deshace,<\/p>\n<p> <a class=\"continue-reading-link\" href=\"https:\/\/canal-literatura.es\/Apoesia3\/30-literalunas-por-betyta\/\"><span>Leer m\u00e1s<\/span><i class=\"crycon-right-dir\"><\/i><\/a> <\/p>\n","protected":false},"author":1,"featured_media":0,"comment_status":"open","ping_status":"open","sticky":false,"template":"","format":"standard","meta":[],"categories":[1],"tags":[],"yoast_head":"<!-- This site is optimized with the Yoast SEO plugin v19.13 - https:\/\/yoast.com\/wordpress\/plugins\/seo\/ -->\n<title>30- Literalunas. Por Betyta - III Certamen Poemas Sin Rostro<\/title>\n<meta name=\"robots\" content=\"index, follow, max-snippet:-1, max-image-preview:large, max-video-preview:-1\" \/>\n<link rel=\"canonical\" href=\"https:\/\/canal-literatura.es\/Apoesia3\/30-literalunas-por-betyta\/\" \/>\n<meta property=\"og:locale\" content=\"es_ES\" \/>\n<meta property=\"og:type\" content=\"article\" \/>\n<meta property=\"og:title\" content=\"30- Literalunas. Por Betyta - III Certamen Poemas Sin Rostro\" \/>\n<meta property=\"og:description\" content=\"Espacio de emoci\u00f3n olvidada de violetas, donde la sugesti\u00f3n de la imagen se deshace, Leer m\u00e1s\" \/>\n<meta property=\"og:url\" content=\"https:\/\/canal-literatura.es\/Apoesia3\/30-literalunas-por-betyta\/\" \/>\n<meta property=\"og:site_name\" content=\"III Certamen Poemas Sin Rostro\" \/>\n<meta property=\"article:published_time\" content=\"2007-08-23T17:22:28+00:00\" \/>\n<meta property=\"article:modified_time\" content=\"2007-10-15T13:57:09+00:00\" \/>\n<meta name=\"author\" content=\"correo\" \/>\n<meta name=\"twitter:card\" content=\"summary_large_image\" \/>\n<meta name=\"twitter:label1\" content=\"Escrito por\" \/>\n\t<meta name=\"twitter:data1\" content=\"correo\" \/>\n\t<meta name=\"twitter:label2\" content=\"Tiempo de lectura\" \/>\n\t<meta name=\"twitter:data2\" content=\"1 minuto\" \/>\n<script type=\"application\/ld+json\" class=\"yoast-schema-graph\">{\"@context\":\"https:\/\/schema.org\",\"@graph\":[{\"@type\":\"WebPage\",\"@id\":\"https:\/\/canal-literatura.es\/Apoesia3\/30-literalunas-por-betyta\/\",\"url\":\"https:\/\/canal-literatura.es\/Apoesia3\/30-literalunas-por-betyta\/\",\"name\":\"30- Literalunas. Por Betyta - III Certamen Poemas Sin Rostro\",\"isPartOf\":{\"@id\":\"https:\/\/canal-literatura.es\/Apoesia3\/#website\"},\"datePublished\":\"2007-08-23T17:22:28+00:00\",\"dateModified\":\"2007-10-15T13:57:09+00:00\",\"author\":{\"@id\":\"https:\/\/canal-literatura.es\/Apoesia3\/#\/schema\/person\/0d6eef9b22d0797c13bc9e535eadc233\"},\"breadcrumb\":{\"@id\":\"https:\/\/canal-literatura.es\/Apoesia3\/30-literalunas-por-betyta\/#breadcrumb\"},\"inLanguage\":\"es\",\"potentialAction\":[{\"@type\":\"ReadAction\",\"target\":[\"https:\/\/canal-literatura.es\/Apoesia3\/30-literalunas-por-betyta\/\"]}]},{\"@type\":\"BreadcrumbList\",\"@id\":\"https:\/\/canal-literatura.es\/Apoesia3\/30-literalunas-por-betyta\/#breadcrumb\",\"itemListElement\":[{\"@type\":\"ListItem\",\"position\":1,\"name\":\"Portada\",\"item\":\"https:\/\/canal-literatura.es\/Apoesia3\/\"},{\"@type\":\"ListItem\",\"position\":2,\"name\":\"30- Literalunas. Por Betyta\"}]},{\"@type\":\"WebSite\",\"@id\":\"https:\/\/canal-literatura.es\/Apoesia3\/#website\",\"url\":\"https:\/\/canal-literatura.es\/Apoesia3\/\",\"name\":\"III Certamen Poemas Sin Rostro\",\"description\":\"Web dedicada a los poemas, noticias, votaciones y todo lo relativo al III Certamen Poemas Sin Rostro\",\"potentialAction\":[{\"@type\":\"SearchAction\",\"target\":{\"@type\":\"EntryPoint\",\"urlTemplate\":\"https:\/\/canal-literatura.es\/Apoesia3\/?s={search_term_string}\"},\"query-input\":\"required name=search_term_string\"}],\"inLanguage\":\"es\"},{\"@type\":\"Person\",\"@id\":\"https:\/\/canal-literatura.es\/Apoesia3\/#\/schema\/person\/0d6eef9b22d0797c13bc9e535eadc233\",\"name\":\"correo\",\"sameAs\":[\"https:\/\/\"],\"url\":\"https:\/\/canal-literatura.es\/Apoesia3\/author\/admin\/\"}]}<\/script>\n<!-- \/ Yoast SEO plugin. -->","yoast_head_json":{"title":"30- Literalunas. Por Betyta - III Certamen Poemas Sin Rostro","robots":{"index":"index","follow":"follow","max-snippet":"max-snippet:-1","max-image-preview":"max-image-preview:large","max-video-preview":"max-video-preview:-1"},"canonical":"https:\/\/canal-literatura.es\/Apoesia3\/30-literalunas-por-betyta\/","og_locale":"es_ES","og_type":"article","og_title":"30- Literalunas. Por Betyta - III Certamen Poemas Sin Rostro","og_description":"Espacio de emoci\u00f3n olvidada de violetas, donde la sugesti\u00f3n de la imagen se deshace, Leer m\u00e1s","og_url":"https:\/\/canal-literatura.es\/Apoesia3\/30-literalunas-por-betyta\/","og_site_name":"III Certamen Poemas Sin Rostro","article_published_time":"2007-08-23T17:22:28+00:00","article_modified_time":"2007-10-15T13:57:09+00:00","author":"correo","twitter_card":"summary_large_image","twitter_misc":{"Escrito por":"correo","Tiempo de lectura":"1 minuto"},"schema":{"@context":"https:\/\/schema.org","@graph":[{"@type":"WebPage","@id":"https:\/\/canal-literatura.es\/Apoesia3\/30-literalunas-por-betyta\/","url":"https:\/\/canal-literatura.es\/Apoesia3\/30-literalunas-por-betyta\/","name":"30- Literalunas. Por Betyta - III Certamen Poemas Sin Rostro","isPartOf":{"@id":"https:\/\/canal-literatura.es\/Apoesia3\/#website"},"datePublished":"2007-08-23T17:22:28+00:00","dateModified":"2007-10-15T13:57:09+00:00","author":{"@id":"https:\/\/canal-literatura.es\/Apoesia3\/#\/schema\/person\/0d6eef9b22d0797c13bc9e535eadc233"},"breadcrumb":{"@id":"https:\/\/canal-literatura.es\/Apoesia3\/30-literalunas-por-betyta\/#breadcrumb"},"inLanguage":"es","potentialAction":[{"@type":"ReadAction","target":["https:\/\/canal-literatura.es\/Apoesia3\/30-literalunas-por-betyta\/"]}]},{"@type":"BreadcrumbList","@id":"https:\/\/canal-literatura.es\/Apoesia3\/30-literalunas-por-betyta\/#breadcrumb","itemListElement":[{"@type":"ListItem","position":1,"name":"Portada","item":"https:\/\/canal-literatura.es\/Apoesia3\/"},{"@type":"ListItem","position":2,"name":"30- Literalunas. Por Betyta"}]},{"@type":"WebSite","@id":"https:\/\/canal-literatura.es\/Apoesia3\/#website","url":"https:\/\/canal-literatura.es\/Apoesia3\/","name":"III Certamen Poemas Sin Rostro","description":"Web dedicada a los poemas, noticias, votaciones y todo lo relativo al III Certamen Poemas Sin Rostro","potentialAction":[{"@type":"SearchAction","target":{"@type":"EntryPoint","urlTemplate":"https:\/\/canal-literatura.es\/Apoesia3\/?s={search_term_string}"},"query-input":"required name=search_term_string"}],"inLanguage":"es"},{"@type":"Person","@id":"https:\/\/canal-literatura.es\/Apoesia3\/#\/schema\/person\/0d6eef9b22d0797c13bc9e535eadc233","name":"correo","sameAs":["https:\/\/"],"url":"https:\/\/canal-literatura.es\/Apoesia3\/author\/admin\/"}]}},"amp_enabled":true,"_links":{"self":[{"href":"https:\/\/canal-literatura.es\/Apoesia3\/wp-json\/wp\/v2\/posts\/36"}],"collection":[{"href":"https:\/\/canal-literatura.es\/Apoesia3\/wp-json\/wp\/v2\/posts"}],"about":[{"href":"https:\/\/canal-literatura.es\/Apoesia3\/wp-json\/wp\/v2\/types\/post"}],"author":[{"embeddable":true,"href":"https:\/\/canal-literatura.es\/Apoesia3\/wp-json\/wp\/v2\/users\/1"}],"replies":[{"embeddable":true,"href":"https:\/\/canal-literatura.es\/Apoesia3\/wp-json\/wp\/v2\/comments?post=36"}],"version-history":[{"count":0,"href":"https:\/\/canal-literatura.es\/Apoesia3\/wp-json\/wp\/v2\/posts\/36\/revisions"}],"wp:attachment":[{"href":"https:\/\/canal-literatura.es\/Apoesia3\/wp-json\/wp\/v2\/media?parent=36"}],"wp:term":[{"taxonomy":"category","embeddable":true,"href":"https:\/\/canal-literatura.es\/Apoesia3\/wp-json\/wp\/v2\/categories?post=36"},{"taxonomy":"post_tag","embeddable":true,"href":"https:\/\/canal-literatura.es\/Apoesia3\/wp-json\/wp\/v2\/tags?post=36"}],"curies":[{"name":"wp","href":"https:\/\/api.w.org\/{rel}","templated":true}]}}