{"id":252,"date":"2007-12-06T00:25:09","date_gmt":"2007-12-05T22:25:09","guid":{"rendered":"https:\/\/canal-literatura.com\/Apoesia3\/?p=252"},"modified":"2016-03-04T14:05:20","modified_gmt":"2016-03-04T12:05:20","slug":"jose-luis-gotor-trillo-ganador-del-premio-especial-del-publico","status":"publish","type":"post","link":"https:\/\/canal-literatura.es\/Apoesia3\/jose-luis-gotor-trillo-ganador-del-premio-especial-del-publico\/","title":{"rendered":"Jose Luis Gotor Trillo, ganador del Premio Especial del P\u00fablico."},"content":{"rendered":"<p>Con el seud\u00f3nimo Adel y el poema \u00abS\u00f3lo entonces\u00bb, Jose Luis Gotor Trillo es el ganador del premio que conceden los lectores de esta web.<br \/>\nAhora tenemos ocasi\u00f3n de conocer mejor a este espa\u00f1ol que concurs\u00f3 desde Edimburgo. \u00a1Enhorabuena!<\/p>\n<p><center><img decoding=\"async\" src=\"https:\/\/www.canal-literatura.es\/Noticias\/JLGOTOR.jpg\" alt=\"\" width=\"250\" border=\"0\" \/><\/center>Nacido en M\u00e1laga el 14 de diciembre de 1978. Licenciado en Filolog\u00eda Inglesa. Escribe por vocaci\u00f3n y observa su alrededor por inercia; y aqu\u00ed cabe la viceversa. Desde hace a\u00f1o y medio lidia con el irremediable fr\u00edo de Edimburgo, la ciudad que lo retiene sin reparos. Se confiesa adicto a la literatura hispanoamericana y al helado de chocolate blanco; vicios de los que no piensa tratarse.<!--more--> Actualmente se encuentra sentado, leyendo este texto y asumiendo que su ingenio se encuentra a\u00fan entre las s\u00e1banas.premios anteriores:<br \/>\n&#8211; 2\u00ba premio del certamen de poes\u00eda M\u00e1laga-Crea 2004.<br \/>\n&#8211; 1er premio del certamen de poes\u00eda \u201cUniversidad Popular de Alcorc\u00f3n\u201d 2004.<br \/>\n&#8211; Poemas incluidos en el libro \u201cZona Sur.<br \/>\nAntolog\u00eda de j\u00f3venes poetas malague\u00f1os\u201d, por Francisco Ruiz Nogueras, 2007.<\/p>\n<p align=\"center\">No te pierdas al \u00abProtagonista inesperado\u00bb de este III certamen.<\/p>\n<p><center><a href=\"https:\/\/www.canal-literatura.es\/Cosas_nuestras\/protagonista_inesperado.html\"><img decoding=\"async\" src=\"https:\/\/www.canal-literatura.es\/Cosas_nuestras\/IgnacioFajardo.jpg\" alt=\"\" width=\"100\" border=\"0\" \/><\/a><br \/>\nPincha en la imagen para saber quien es \u00abSANTIAGO\u00bb.<\/center>&nbsp;<\/p>\n","protected":false},"excerpt":{"rendered":"<p>Con el seud\u00f3nimo Adel y el poema \u00abS\u00f3lo entonces\u00bb, Jose Luis Gotor Trillo es el ganador del premio que conceden los lectores de esta web. Ahora tenemos ocasi\u00f3n de conocer mejor a este espa\u00f1ol que concurs\u00f3 desde Edimburgo. \u00a1Enhorabuena! Nacido en M\u00e1laga el 14 de diciembre de 1978. Licenciado en&#8230;<\/p>\n<p> <a class=\"continue-reading-link\" href=\"https:\/\/canal-literatura.es\/Apoesia3\/jose-luis-gotor-trillo-ganador-del-premio-especial-del-publico\/\"><span>Leer m\u00e1s<\/span><i class=\"crycon-right-dir\"><\/i><\/a> <\/p>\n","protected":false},"author":1,"featured_media":0,"comment_status":"open","ping_status":"open","sticky":false,"template":"","format":"standard","meta":[],"categories":[2],"tags":[],"yoast_head":"<!-- This site is optimized with the Yoast SEO plugin v19.13 - https:\/\/yoast.com\/wordpress\/plugins\/seo\/ -->\n<title>Jose Luis Gotor Trillo, ganador del Premio Especial del P\u00fablico. - III Certamen Poemas Sin Rostro<\/title>\n<meta name=\"robots\" content=\"index, follow, max-snippet:-1, max-image-preview:large, max-video-preview:-1\" \/>\n<link rel=\"canonical\" href=\"https:\/\/canal-literatura.es\/Apoesia3\/jose-luis-gotor-trillo-ganador-del-premio-especial-del-publico\/\" \/>\n<meta property=\"og:locale\" content=\"es_ES\" \/>\n<meta property=\"og:type\" content=\"article\" \/>\n<meta property=\"og:title\" content=\"Jose Luis Gotor Trillo, ganador del Premio Especial del P\u00fablico. - III Certamen Poemas Sin Rostro\" \/>\n<meta property=\"og:description\" content=\"Con el seud\u00f3nimo Adel y el poema \u00abS\u00f3lo entonces\u00bb, Jose Luis Gotor Trillo es el ganador del premio que conceden los lectores de esta web. Ahora tenemos ocasi\u00f3n de conocer mejor a este espa\u00f1ol que concurs\u00f3 desde Edimburgo. \u00a1Enhorabuena! Nacido en M\u00e1laga el 14 de diciembre de 1978. Licenciado en... Leer m\u00e1s\" \/>\n<meta property=\"og:url\" content=\"https:\/\/canal-literatura.es\/Apoesia3\/jose-luis-gotor-trillo-ganador-del-premio-especial-del-publico\/\" \/>\n<meta property=\"og:site_name\" content=\"III Certamen Poemas Sin Rostro\" \/>\n<meta property=\"article:published_time\" content=\"2007-12-05T22:25:09+00:00\" \/>\n<meta property=\"article:modified_time\" content=\"2016-03-04T12:05:20+00:00\" \/>\n<meta property=\"og:image\" content=\"https:\/\/www.canal-literatura.es\/Noticias\/JLGOTOR.jpg\" \/>\n<meta name=\"author\" content=\"correo\" \/>\n<meta name=\"twitter:card\" content=\"summary_large_image\" \/>\n<meta name=\"twitter:label1\" content=\"Escrito por\" \/>\n\t<meta name=\"twitter:data1\" content=\"correo\" \/>\n\t<meta name=\"twitter:label2\" content=\"Tiempo de lectura\" \/>\n\t<meta name=\"twitter:data2\" content=\"1 minuto\" \/>\n<script type=\"application\/ld+json\" class=\"yoast-schema-graph\">{\"@context\":\"https:\/\/schema.org\",\"@graph\":[{\"@type\":\"WebPage\",\"@id\":\"https:\/\/canal-literatura.es\/Apoesia3\/jose-luis-gotor-trillo-ganador-del-premio-especial-del-publico\/\",\"url\":\"https:\/\/canal-literatura.es\/Apoesia3\/jose-luis-gotor-trillo-ganador-del-premio-especial-del-publico\/\",\"name\":\"Jose Luis Gotor Trillo, ganador del Premio Especial del P\u00fablico. - III Certamen Poemas Sin Rostro\",\"isPartOf\":{\"@id\":\"https:\/\/canal-literatura.es\/Apoesia3\/#website\"},\"datePublished\":\"2007-12-05T22:25:09+00:00\",\"dateModified\":\"2016-03-04T12:05:20+00:00\",\"author\":{\"@id\":\"https:\/\/canal-literatura.es\/Apoesia3\/#\/schema\/person\/0d6eef9b22d0797c13bc9e535eadc233\"},\"breadcrumb\":{\"@id\":\"https:\/\/canal-literatura.es\/Apoesia3\/jose-luis-gotor-trillo-ganador-del-premio-especial-del-publico\/#breadcrumb\"},\"inLanguage\":\"es\",\"potentialAction\":[{\"@type\":\"ReadAction\",\"target\":[\"https:\/\/canal-literatura.es\/Apoesia3\/jose-luis-gotor-trillo-ganador-del-premio-especial-del-publico\/\"]}]},{\"@type\":\"BreadcrumbList\",\"@id\":\"https:\/\/canal-literatura.es\/Apoesia3\/jose-luis-gotor-trillo-ganador-del-premio-especial-del-publico\/#breadcrumb\",\"itemListElement\":[{\"@type\":\"ListItem\",\"position\":1,\"name\":\"Portada\",\"item\":\"https:\/\/canal-literatura.es\/Apoesia3\/\"},{\"@type\":\"ListItem\",\"position\":2,\"name\":\"Jose Luis Gotor Trillo, ganador del Premio Especial del P\u00fablico.\"}]},{\"@type\":\"WebSite\",\"@id\":\"https:\/\/canal-literatura.es\/Apoesia3\/#website\",\"url\":\"https:\/\/canal-literatura.es\/Apoesia3\/\",\"name\":\"III Certamen Poemas Sin Rostro\",\"description\":\"Web dedicada a los poemas, noticias, votaciones y todo lo relativo al III Certamen Poemas Sin Rostro\",\"potentialAction\":[{\"@type\":\"SearchAction\",\"target\":{\"@type\":\"EntryPoint\",\"urlTemplate\":\"https:\/\/canal-literatura.es\/Apoesia3\/?s={search_term_string}\"},\"query-input\":\"required name=search_term_string\"}],\"inLanguage\":\"es\"},{\"@type\":\"Person\",\"@id\":\"https:\/\/canal-literatura.es\/Apoesia3\/#\/schema\/person\/0d6eef9b22d0797c13bc9e535eadc233\",\"name\":\"correo\",\"sameAs\":[\"https:\/\/\"],\"url\":\"https:\/\/canal-literatura.es\/Apoesia3\/author\/admin\/\"}]}<\/script>\n<!-- \/ Yoast SEO plugin. -->","yoast_head_json":{"title":"Jose Luis Gotor Trillo, ganador del Premio Especial del P\u00fablico. - III Certamen Poemas Sin Rostro","robots":{"index":"index","follow":"follow","max-snippet":"max-snippet:-1","max-image-preview":"max-image-preview:large","max-video-preview":"max-video-preview:-1"},"canonical":"https:\/\/canal-literatura.es\/Apoesia3\/jose-luis-gotor-trillo-ganador-del-premio-especial-del-publico\/","og_locale":"es_ES","og_type":"article","og_title":"Jose Luis Gotor Trillo, ganador del Premio Especial del P\u00fablico. - III Certamen Poemas Sin Rostro","og_description":"Con el seud\u00f3nimo Adel y el poema \u00abS\u00f3lo entonces\u00bb, Jose Luis Gotor Trillo es el ganador del premio que conceden los lectores de esta web. Ahora tenemos ocasi\u00f3n de conocer mejor a este espa\u00f1ol que concurs\u00f3 desde Edimburgo. \u00a1Enhorabuena! Nacido en M\u00e1laga el 14 de diciembre de 1978. Licenciado en... Leer m\u00e1s","og_url":"https:\/\/canal-literatura.es\/Apoesia3\/jose-luis-gotor-trillo-ganador-del-premio-especial-del-publico\/","og_site_name":"III Certamen Poemas Sin Rostro","article_published_time":"2007-12-05T22:25:09+00:00","article_modified_time":"2016-03-04T12:05:20+00:00","og_image":[{"url":"https:\/\/www.canal-literatura.es\/Noticias\/JLGOTOR.jpg"}],"author":"correo","twitter_card":"summary_large_image","twitter_misc":{"Escrito por":"correo","Tiempo de lectura":"1 minuto"},"schema":{"@context":"https:\/\/schema.org","@graph":[{"@type":"WebPage","@id":"https:\/\/canal-literatura.es\/Apoesia3\/jose-luis-gotor-trillo-ganador-del-premio-especial-del-publico\/","url":"https:\/\/canal-literatura.es\/Apoesia3\/jose-luis-gotor-trillo-ganador-del-premio-especial-del-publico\/","name":"Jose Luis Gotor Trillo, ganador del Premio Especial del P\u00fablico. - III Certamen Poemas Sin Rostro","isPartOf":{"@id":"https:\/\/canal-literatura.es\/Apoesia3\/#website"},"datePublished":"2007-12-05T22:25:09+00:00","dateModified":"2016-03-04T12:05:20+00:00","author":{"@id":"https:\/\/canal-literatura.es\/Apoesia3\/#\/schema\/person\/0d6eef9b22d0797c13bc9e535eadc233"},"breadcrumb":{"@id":"https:\/\/canal-literatura.es\/Apoesia3\/jose-luis-gotor-trillo-ganador-del-premio-especial-del-publico\/#breadcrumb"},"inLanguage":"es","potentialAction":[{"@type":"ReadAction","target":["https:\/\/canal-literatura.es\/Apoesia3\/jose-luis-gotor-trillo-ganador-del-premio-especial-del-publico\/"]}]},{"@type":"BreadcrumbList","@id":"https:\/\/canal-literatura.es\/Apoesia3\/jose-luis-gotor-trillo-ganador-del-premio-especial-del-publico\/#breadcrumb","itemListElement":[{"@type":"ListItem","position":1,"name":"Portada","item":"https:\/\/canal-literatura.es\/Apoesia3\/"},{"@type":"ListItem","position":2,"name":"Jose Luis Gotor Trillo, ganador del Premio Especial del P\u00fablico."}]},{"@type":"WebSite","@id":"https:\/\/canal-literatura.es\/Apoesia3\/#website","url":"https:\/\/canal-literatura.es\/Apoesia3\/","name":"III Certamen Poemas Sin Rostro","description":"Web dedicada a los poemas, noticias, votaciones y todo lo relativo al III Certamen Poemas Sin Rostro","potentialAction":[{"@type":"SearchAction","target":{"@type":"EntryPoint","urlTemplate":"https:\/\/canal-literatura.es\/Apoesia3\/?s={search_term_string}"},"query-input":"required name=search_term_string"}],"inLanguage":"es"},{"@type":"Person","@id":"https:\/\/canal-literatura.es\/Apoesia3\/#\/schema\/person\/0d6eef9b22d0797c13bc9e535eadc233","name":"correo","sameAs":["https:\/\/"],"url":"https:\/\/canal-literatura.es\/Apoesia3\/author\/admin\/"}]}},"amp_enabled":true,"_links":{"self":[{"href":"https:\/\/canal-literatura.es\/Apoesia3\/wp-json\/wp\/v2\/posts\/252"}],"collection":[{"href":"https:\/\/canal-literatura.es\/Apoesia3\/wp-json\/wp\/v2\/posts"}],"about":[{"href":"https:\/\/canal-literatura.es\/Apoesia3\/wp-json\/wp\/v2\/types\/post"}],"author":[{"embeddable":true,"href":"https:\/\/canal-literatura.es\/Apoesia3\/wp-json\/wp\/v2\/users\/1"}],"replies":[{"embeddable":true,"href":"https:\/\/canal-literatura.es\/Apoesia3\/wp-json\/wp\/v2\/comments?post=252"}],"version-history":[{"count":2,"href":"https:\/\/canal-literatura.es\/Apoesia3\/wp-json\/wp\/v2\/posts\/252\/revisions"}],"predecessor-version":[{"id":267,"href":"https:\/\/canal-literatura.es\/Apoesia3\/wp-json\/wp\/v2\/posts\/252\/revisions\/267"}],"wp:attachment":[{"href":"https:\/\/canal-literatura.es\/Apoesia3\/wp-json\/wp\/v2\/media?parent=252"}],"wp:term":[{"taxonomy":"category","embeddable":true,"href":"https:\/\/canal-literatura.es\/Apoesia3\/wp-json\/wp\/v2\/categories?post=252"},{"taxonomy":"post_tag","embeddable":true,"href":"https:\/\/canal-literatura.es\/Apoesia3\/wp-json\/wp\/v2\/tags?post=252"}],"curies":[{"name":"wp","href":"https:\/\/api.w.org\/{rel}","templated":true}]}}