{"id":24,"date":"2007-08-18T18:06:40","date_gmt":"2007-08-18T16:06:40","guid":{"rendered":"https:\/\/canal-literatura.com\/Apoesia3\/?p=24"},"modified":"2007-10-15T14:10:34","modified_gmt":"2007-10-15T12:10:34","slug":"19-y-que-por-ines-bellver","status":"publish","type":"post","link":"https:\/\/canal-literatura.es\/Apoesia3\/19-y-que-por-ines-bellver\/","title":{"rendered":"19- Y qu\u00e9&#8230;  Por In\u00e9s Bellver"},"content":{"rendered":"<p>\u00a1Y qu\u00e9&#8230;!, si te sientes emocionalmente estafada.<br \/>\nEleva los ojos, descarados, al frente, y oculta el dolor que se ha desatado en la dulzura de tu mirada.<!--more--><\/p>\n<p>A nadie ha de importar la hondura de tu herida, ni el negro pozo que se form\u00f3 en tu alma. Despliega al aire tu sonrisa, que ni el sol, con toda su luz, adivine que es falsa.<\/p>\n<p>Camina a paso firme y con br\u00edo, que no se aperciba el duelo en tu estampa. Y pon a trabajar a la mente, dile que elabore el ant\u00eddoto que devuelva la salud a la esperanza,\u00a0 para que torne a creer en nuevas promesas que, a buen seguro, te har\u00e1n porque la vida es ancha.<\/p>\n<p>Y as\u00ed alivies el destrozo, que la desilusi\u00f3n, en el coraz\u00f3n que ama, causa. Y pronuncia para tus adentros una porfiada plegaria, para que \u00e9ste sea el \u00faltimo acero que te clavan por la espalda.<\/p>\n","protected":false},"excerpt":{"rendered":"<p>\u00a1Y qu\u00e9&#8230;!, si te sientes emocionalmente estafada. Eleva los ojos, descarados, al frente, y oculta el dolor que se ha desatado en la dulzura de tu mirada.<\/p>\n<p> <a class=\"continue-reading-link\" href=\"https:\/\/canal-literatura.es\/Apoesia3\/19-y-que-por-ines-bellver\/\"><span>Leer m\u00e1s<\/span><i class=\"crycon-right-dir\"><\/i><\/a> <\/p>\n","protected":false},"author":1,"featured_media":0,"comment_status":"open","ping_status":"open","sticky":false,"template":"","format":"standard","meta":[],"categories":[1],"tags":[],"yoast_head":"<!-- This site is optimized with the Yoast SEO plugin v19.13 - https:\/\/yoast.com\/wordpress\/plugins\/seo\/ -->\n<title>19- Y qu\u00e9... Por In\u00e9s Bellver - III Certamen Poemas Sin Rostro<\/title>\n<meta name=\"robots\" content=\"index, follow, max-snippet:-1, max-image-preview:large, max-video-preview:-1\" \/>\n<link rel=\"canonical\" href=\"https:\/\/canal-literatura.es\/Apoesia3\/19-y-que-por-ines-bellver\/\" \/>\n<meta property=\"og:locale\" content=\"es_ES\" \/>\n<meta property=\"og:type\" content=\"article\" \/>\n<meta property=\"og:title\" content=\"19- Y qu\u00e9... Por In\u00e9s Bellver - III Certamen Poemas Sin Rostro\" \/>\n<meta property=\"og:description\" content=\"\u00a1Y qu\u00e9&#8230;!, si te sientes emocionalmente estafada. Eleva los ojos, descarados, al frente, y oculta el dolor que se ha desatado en la dulzura de tu mirada. Leer m\u00e1s\" \/>\n<meta property=\"og:url\" content=\"https:\/\/canal-literatura.es\/Apoesia3\/19-y-que-por-ines-bellver\/\" \/>\n<meta property=\"og:site_name\" content=\"III Certamen Poemas Sin Rostro\" \/>\n<meta property=\"article:published_time\" content=\"2007-08-18T16:06:40+00:00\" \/>\n<meta property=\"article:modified_time\" content=\"2007-10-15T12:10:34+00:00\" \/>\n<meta name=\"author\" content=\"correo\" \/>\n<meta name=\"twitter:card\" content=\"summary_large_image\" \/>\n<meta name=\"twitter:label1\" content=\"Escrito por\" \/>\n\t<meta name=\"twitter:data1\" content=\"correo\" \/>\n\t<meta name=\"twitter:label2\" content=\"Tiempo de lectura\" \/>\n\t<meta name=\"twitter:data2\" content=\"1 minuto\" \/>\n<script type=\"application\/ld+json\" class=\"yoast-schema-graph\">{\"@context\":\"https:\/\/schema.org\",\"@graph\":[{\"@type\":\"WebPage\",\"@id\":\"https:\/\/canal-literatura.es\/Apoesia3\/19-y-que-por-ines-bellver\/\",\"url\":\"https:\/\/canal-literatura.es\/Apoesia3\/19-y-que-por-ines-bellver\/\",\"name\":\"19- Y qu\u00e9... Por In\u00e9s Bellver - III Certamen Poemas Sin Rostro\",\"isPartOf\":{\"@id\":\"https:\/\/canal-literatura.es\/Apoesia3\/#website\"},\"datePublished\":\"2007-08-18T16:06:40+00:00\",\"dateModified\":\"2007-10-15T12:10:34+00:00\",\"author\":{\"@id\":\"https:\/\/canal-literatura.es\/Apoesia3\/#\/schema\/person\/0d6eef9b22d0797c13bc9e535eadc233\"},\"breadcrumb\":{\"@id\":\"https:\/\/canal-literatura.es\/Apoesia3\/19-y-que-por-ines-bellver\/#breadcrumb\"},\"inLanguage\":\"es\",\"potentialAction\":[{\"@type\":\"ReadAction\",\"target\":[\"https:\/\/canal-literatura.es\/Apoesia3\/19-y-que-por-ines-bellver\/\"]}]},{\"@type\":\"BreadcrumbList\",\"@id\":\"https:\/\/canal-literatura.es\/Apoesia3\/19-y-que-por-ines-bellver\/#breadcrumb\",\"itemListElement\":[{\"@type\":\"ListItem\",\"position\":1,\"name\":\"Portada\",\"item\":\"https:\/\/canal-literatura.es\/Apoesia3\/\"},{\"@type\":\"ListItem\",\"position\":2,\"name\":\"19- Y qu\u00e9&#8230; Por In\u00e9s Bellver\"}]},{\"@type\":\"WebSite\",\"@id\":\"https:\/\/canal-literatura.es\/Apoesia3\/#website\",\"url\":\"https:\/\/canal-literatura.es\/Apoesia3\/\",\"name\":\"III Certamen Poemas Sin Rostro\",\"description\":\"Web dedicada a los poemas, noticias, votaciones y todo lo relativo al III Certamen Poemas Sin Rostro\",\"potentialAction\":[{\"@type\":\"SearchAction\",\"target\":{\"@type\":\"EntryPoint\",\"urlTemplate\":\"https:\/\/canal-literatura.es\/Apoesia3\/?s={search_term_string}\"},\"query-input\":\"required name=search_term_string\"}],\"inLanguage\":\"es\"},{\"@type\":\"Person\",\"@id\":\"https:\/\/canal-literatura.es\/Apoesia3\/#\/schema\/person\/0d6eef9b22d0797c13bc9e535eadc233\",\"name\":\"correo\",\"sameAs\":[\"https:\/\/\"],\"url\":\"https:\/\/canal-literatura.es\/Apoesia3\/author\/admin\/\"}]}<\/script>\n<!-- \/ Yoast SEO plugin. -->","yoast_head_json":{"title":"19- Y qu\u00e9... Por In\u00e9s Bellver - III Certamen Poemas Sin Rostro","robots":{"index":"index","follow":"follow","max-snippet":"max-snippet:-1","max-image-preview":"max-image-preview:large","max-video-preview":"max-video-preview:-1"},"canonical":"https:\/\/canal-literatura.es\/Apoesia3\/19-y-que-por-ines-bellver\/","og_locale":"es_ES","og_type":"article","og_title":"19- Y qu\u00e9... Por In\u00e9s Bellver - III Certamen Poemas Sin Rostro","og_description":"\u00a1Y qu\u00e9&#8230;!, si te sientes emocionalmente estafada. Eleva los ojos, descarados, al frente, y oculta el dolor que se ha desatado en la dulzura de tu mirada. Leer m\u00e1s","og_url":"https:\/\/canal-literatura.es\/Apoesia3\/19-y-que-por-ines-bellver\/","og_site_name":"III Certamen Poemas Sin Rostro","article_published_time":"2007-08-18T16:06:40+00:00","article_modified_time":"2007-10-15T12:10:34+00:00","author":"correo","twitter_card":"summary_large_image","twitter_misc":{"Escrito por":"correo","Tiempo de lectura":"1 minuto"},"schema":{"@context":"https:\/\/schema.org","@graph":[{"@type":"WebPage","@id":"https:\/\/canal-literatura.es\/Apoesia3\/19-y-que-por-ines-bellver\/","url":"https:\/\/canal-literatura.es\/Apoesia3\/19-y-que-por-ines-bellver\/","name":"19- Y qu\u00e9... Por In\u00e9s Bellver - III Certamen Poemas Sin Rostro","isPartOf":{"@id":"https:\/\/canal-literatura.es\/Apoesia3\/#website"},"datePublished":"2007-08-18T16:06:40+00:00","dateModified":"2007-10-15T12:10:34+00:00","author":{"@id":"https:\/\/canal-literatura.es\/Apoesia3\/#\/schema\/person\/0d6eef9b22d0797c13bc9e535eadc233"},"breadcrumb":{"@id":"https:\/\/canal-literatura.es\/Apoesia3\/19-y-que-por-ines-bellver\/#breadcrumb"},"inLanguage":"es","potentialAction":[{"@type":"ReadAction","target":["https:\/\/canal-literatura.es\/Apoesia3\/19-y-que-por-ines-bellver\/"]}]},{"@type":"BreadcrumbList","@id":"https:\/\/canal-literatura.es\/Apoesia3\/19-y-que-por-ines-bellver\/#breadcrumb","itemListElement":[{"@type":"ListItem","position":1,"name":"Portada","item":"https:\/\/canal-literatura.es\/Apoesia3\/"},{"@type":"ListItem","position":2,"name":"19- Y qu\u00e9&#8230; Por In\u00e9s Bellver"}]},{"@type":"WebSite","@id":"https:\/\/canal-literatura.es\/Apoesia3\/#website","url":"https:\/\/canal-literatura.es\/Apoesia3\/","name":"III Certamen Poemas Sin Rostro","description":"Web dedicada a los poemas, noticias, votaciones y todo lo relativo al III Certamen Poemas Sin Rostro","potentialAction":[{"@type":"SearchAction","target":{"@type":"EntryPoint","urlTemplate":"https:\/\/canal-literatura.es\/Apoesia3\/?s={search_term_string}"},"query-input":"required name=search_term_string"}],"inLanguage":"es"},{"@type":"Person","@id":"https:\/\/canal-literatura.es\/Apoesia3\/#\/schema\/person\/0d6eef9b22d0797c13bc9e535eadc233","name":"correo","sameAs":["https:\/\/"],"url":"https:\/\/canal-literatura.es\/Apoesia3\/author\/admin\/"}]}},"amp_enabled":true,"_links":{"self":[{"href":"https:\/\/canal-literatura.es\/Apoesia3\/wp-json\/wp\/v2\/posts\/24"}],"collection":[{"href":"https:\/\/canal-literatura.es\/Apoesia3\/wp-json\/wp\/v2\/posts"}],"about":[{"href":"https:\/\/canal-literatura.es\/Apoesia3\/wp-json\/wp\/v2\/types\/post"}],"author":[{"embeddable":true,"href":"https:\/\/canal-literatura.es\/Apoesia3\/wp-json\/wp\/v2\/users\/1"}],"replies":[{"embeddable":true,"href":"https:\/\/canal-literatura.es\/Apoesia3\/wp-json\/wp\/v2\/comments?post=24"}],"version-history":[{"count":0,"href":"https:\/\/canal-literatura.es\/Apoesia3\/wp-json\/wp\/v2\/posts\/24\/revisions"}],"wp:attachment":[{"href":"https:\/\/canal-literatura.es\/Apoesia3\/wp-json\/wp\/v2\/media?parent=24"}],"wp:term":[{"taxonomy":"category","embeddable":true,"href":"https:\/\/canal-literatura.es\/Apoesia3\/wp-json\/wp\/v2\/categories?post=24"},{"taxonomy":"post_tag","embeddable":true,"href":"https:\/\/canal-literatura.es\/Apoesia3\/wp-json\/wp\/v2\/tags?post=24"}],"curies":[{"name":"wp","href":"https:\/\/api.w.org\/{rel}","templated":true}]}}