{"id":213,"date":"2007-09-29T11:48:29","date_gmt":"2007-09-29T09:48:29","guid":{"rendered":"https:\/\/canal-literatura.com\/Apoesia3\/?p=213"},"modified":"2007-10-15T14:10:12","modified_gmt":"2007-10-15T12:10:12","slug":"207-llueve-por-mirtho","status":"publish","type":"post","link":"https:\/\/canal-literatura.es\/Apoesia3\/207-llueve-por-mirtho\/","title":{"rendered":"207- Llueve.  Por MIRTHO"},"content":{"rendered":"<p align=\"center\"><font size=\"1\">Esta tarde llueve como nunca; y yo<br \/>\n\u00a0\u00a0\u00a0\u00a0\u00a0\u00a0\u00a0\u00a0\u00a0\u00a0\u00a0\u00a0\u00a0\u00a0\u00a0\u00a0\u00a0\u00a0\u00a0\u00a0\u00a0\u00a0\u00a0\u00a0\u00a0\u00a0\u00a0\u00a0\u00a0\u00a0\u00a0\u00a0\u00a0\u00a0 No tengo ganas de vivir, coraz\u00f3n.<br \/>\n\u00a0\u00a0\u00a0\u00a0\u00a0\u00a0\u00a0\u00a0\u00a0\u00a0\u00a0\u00a0\u00a0\u00a0\u00a0\u00a0\u00a0\u00a0\u00a0\u00a0\u00a0\u00a0\u00a0\u00a0\u00a0\u00a0\u00a0\u00a0\u00a0\u00a0\u00a0\u00a0\u00a0\u00a0\u00a0\u00a0\u00a0\u00a0\u00a0\u00a0\u00a0\u00a0\u00a0\u00a0\u00a0\u00a0\u00a0\u00a0\u00a0 C\u00e9sar Vallejo<\/font><font size=\"1\"> <\/font><\/p>\n<p><font size=\"1\"><font size=\"2\">Esta tarde llueve y yo no estoy en Lima.<!--more--><br \/>\nLlueve con una placidez que me desarma y humedece los pechos.<br \/>\nCon anteojos al rev\u00e9s la ni\u00f1a rota en el balc\u00f3n de enfrente.<br \/>\nEsta tarde llueve y yo no estoy en Lima<br \/>\nOtros van conmigo.<br \/>\n\u00a0En la soledad de mi ventana oigo los sonajeros de Zimbabwe<br \/>\ncon su vieja zampo\u00f1a .<br \/>\n\u00a0Un monje de Bhut\u00e1n lee las l\u00edneas de mi mano:- \u00bfvoy a vivir muchos a\u00f1os? \u00bfEs esa exactamente la voluntad de Dios?<\/font><\/font><\/p>\n<p><font size=\"1\"><font size=\"2\">\u00a0<\/font><\/font><font size=\"1\"><font size=\"2\">\u00a0\u00a0\u00a0\u00a0\u00a0\u00a0\u00a0 <strong>II\u00a0<\/strong><\/font><\/font><font size=\"1\"><font size=\"2\"> <\/font><\/font><font size=\"1\"><font size=\"2\" \/><\/font><font size=\"1\"><font size=\"2\"><\/p>\n<p align=\"center\"><font size=\"1\">\u00a0\u00a0\u00a0\u00a0\u00a0\u00a0\u00a0\u00a0\u00a0\u00a0\u00a0\u00a0\u00a0\u00a0\u00a0\u00a0\u00a0\u00a0\u00a0\u00a0\u00a0\u00a0\u00a0\u00a0 Esta tarde es dulce. \u00bfPor qu\u00e9 no ha de ser?<br \/>\n\u00a0\u00a0\u00a0\u00a0\u00a0\u00a0\u00a0\u00a0\u00a0\u00a0\u00a0\u00a0\u00a0\u00a0\u00a0\u00a0\u00a0\u00a0\u00a0\u00a0\u00a0\u00a0\u00a0\u00a0\u00a0\u00a0\u00a0\u00a0\u00a0\u00a0\u00a0 Viste gracia y pena; viste de mujer.<\/font><\/p>\n<p><font size=\"1\"><font size=\"1\"><br \/>\n<font size=\"2\">y la ni\u00f1a sacuda sus trenzas en mi sala<br \/>\nla tarde es dulce<br \/>\n\u00bfPor qu\u00e9 no ha de ser?<br \/>\nHe colgado la amenaza detr\u00e1s de la puerta<br \/>\n\u00a0Y un tiempo para deshacerla con herraduras.<\/font><font size=\"2\"> <\/font><font size=\"1\"><font size=\"1\"><font size=\"2\">Esta tarde lluevo y yo tambi\u00e9n olvido el coraz\u00f3n,<br \/>\nlo\u00a0 anudo a las costillas\u00a0 y pienso en tu sexo.<br \/>\n\u00a0Una y otra vez pienso en tu sexo.<\/font><\/font><\/font><\/font><\/font><font size=\"1\"><font size=\"1\" \/><\/font><font size=\"1\"><font size=\"1\"><font size=\"2\"><br \/>\n<strong>III<\/strong><\/font><\/font><\/font><font size=\"1\"><font size=\"1\"><font size=\"2\"> <\/font><\/font><\/font><font size=\"1\"><font size=\"1\"><font size=\"2\" \/><\/font><\/font><\/font><\/font><font size=\"1\"><font size=\"1\"><font size=\"2\"><\/p>\n<p align=\"center\"><font size=\"1\">\u00a0\u00a0\u00a0\u00a0\u00a0\u00a0\u00a0\u00a0\u00a0\u00a0\u00a0\u00a0\u00a0\u00a0\u00a0\u00a0\u00a0\u00a0\u00a0\u00a0\u00a0\u00a0\u00a0\u00a0\u00a0\u00a0\u00a0\u00a0\u00a0\u00a0\u00a0\u00a0 Su bloque de hielo sobre mi amapola<br \/>\nM\u00e1s fuerte que su\u00a0 \u201cno seas as\u00ec\u00a8<\/font><\/p>\n<p><font size=\"1\"><br \/>\n<\/font><font size=\"1\"><font size=\"2\">Llueve la desnudez, mi adolescencia,<br \/>\ncapricho de inventarme\u00a0 desaforos<br \/>\nel llanto de cien agujas en mi espalda.<br \/>\nEsta tarde acoso la ventana<br \/>\ny t\u00fa no est\u00e1s aqu\u00ed, aunque estuvieras<br \/>\npor eso llegaron Los Heraldos<br \/>\npara llevarse mi barquito perdido,<br \/>\n\u00a0el m\u00e1s lindo de todos.<br \/>\n\u00a0Nos ha besado la misma maga senil,<br \/>\nme llama Mirtho.<br \/>\nNo quiere pronunciar mi maldito nombre de princesa\u00a0 en discordia.<br \/>\nTodos se van en la corriente<br \/>\n\u00a0con los barcos de papel que arrojan los muchachos<br \/>\n\u00a0la maga.<br \/>\nAqu\u00ed estoy yo<br \/>\n\u00a0 moj\u00e1ndome de\u00a0 mieles<br \/>\n\u00a0de granizos<br \/>\nuna y otra vez pensando en tu sexo.<br \/>\n<\/font><\/font><\/font><font size=\"1\"><font size=\"2\" \/><\/font><font size=\"1\"><font size=\"2\">\u00a0<\/font><\/font><\/font><font size=\"1\"><font size=\"2\"> <\/font><\/font><\/font><\/p>\n","protected":false},"excerpt":{"rendered":"<p>Esta tarde llueve como nunca; y yo \u00a0\u00a0\u00a0\u00a0\u00a0\u00a0\u00a0\u00a0\u00a0\u00a0\u00a0\u00a0\u00a0\u00a0\u00a0\u00a0\u00a0\u00a0\u00a0\u00a0\u00a0\u00a0\u00a0\u00a0\u00a0\u00a0\u00a0\u00a0\u00a0\u00a0\u00a0\u00a0\u00a0\u00a0 No tengo ganas de vivir, coraz\u00f3n. \u00a0\u00a0\u00a0\u00a0\u00a0\u00a0\u00a0\u00a0\u00a0\u00a0\u00a0\u00a0\u00a0\u00a0\u00a0\u00a0\u00a0\u00a0\u00a0\u00a0\u00a0\u00a0\u00a0\u00a0\u00a0\u00a0\u00a0\u00a0\u00a0\u00a0\u00a0\u00a0\u00a0\u00a0\u00a0\u00a0\u00a0\u00a0\u00a0\u00a0\u00a0\u00a0\u00a0\u00a0\u00a0\u00a0\u00a0\u00a0\u00a0 C\u00e9sar Vallejo Esta tarde llueve y yo no estoy en Lima.<\/p>\n<p> <a class=\"continue-reading-link\" href=\"https:\/\/canal-literatura.es\/Apoesia3\/207-llueve-por-mirtho\/\"><span>Leer m\u00e1s<\/span><i class=\"crycon-right-dir\"><\/i><\/a> <\/p>\n","protected":false},"author":1,"featured_media":0,"comment_status":"open","ping_status":"open","sticky":false,"template":"","format":"standard","meta":[],"categories":[1],"tags":[],"yoast_head":"<!-- This site is optimized with the Yoast SEO plugin v19.13 - https:\/\/yoast.com\/wordpress\/plugins\/seo\/ -->\n<title>207- Llueve. Por MIRTHO - III Certamen Poemas Sin Rostro<\/title>\n<meta name=\"robots\" content=\"index, follow, max-snippet:-1, max-image-preview:large, max-video-preview:-1\" \/>\n<link rel=\"canonical\" href=\"https:\/\/canal-literatura.es\/Apoesia3\/207-llueve-por-mirtho\/\" \/>\n<meta property=\"og:locale\" content=\"es_ES\" \/>\n<meta property=\"og:type\" content=\"article\" \/>\n<meta property=\"og:title\" content=\"207- Llueve. Por MIRTHO - III Certamen Poemas Sin Rostro\" \/>\n<meta property=\"og:description\" content=\"Esta tarde llueve como nunca; y yo \u00a0\u00a0\u00a0\u00a0\u00a0\u00a0\u00a0\u00a0\u00a0\u00a0\u00a0\u00a0\u00a0\u00a0\u00a0\u00a0\u00a0\u00a0\u00a0\u00a0\u00a0\u00a0\u00a0\u00a0\u00a0\u00a0\u00a0\u00a0\u00a0\u00a0\u00a0\u00a0\u00a0\u00a0 No tengo ganas de vivir, coraz\u00f3n. \u00a0\u00a0\u00a0\u00a0\u00a0\u00a0\u00a0\u00a0\u00a0\u00a0\u00a0\u00a0\u00a0\u00a0\u00a0\u00a0\u00a0\u00a0\u00a0\u00a0\u00a0\u00a0\u00a0\u00a0\u00a0\u00a0\u00a0\u00a0\u00a0\u00a0\u00a0\u00a0\u00a0\u00a0\u00a0\u00a0\u00a0\u00a0\u00a0\u00a0\u00a0\u00a0\u00a0\u00a0\u00a0\u00a0\u00a0\u00a0\u00a0 C\u00e9sar Vallejo Esta tarde llueve y yo no estoy en Lima. Leer m\u00e1s\" \/>\n<meta property=\"og:url\" content=\"https:\/\/canal-literatura.es\/Apoesia3\/207-llueve-por-mirtho\/\" \/>\n<meta property=\"og:site_name\" content=\"III Certamen Poemas Sin Rostro\" \/>\n<meta property=\"article:published_time\" content=\"2007-09-29T09:48:29+00:00\" \/>\n<meta property=\"article:modified_time\" content=\"2007-10-15T12:10:12+00:00\" \/>\n<meta name=\"author\" content=\"correo\" \/>\n<meta name=\"twitter:card\" content=\"summary_large_image\" \/>\n<meta name=\"twitter:label1\" content=\"Escrito por\" \/>\n\t<meta name=\"twitter:data1\" content=\"correo\" \/>\n\t<meta name=\"twitter:label2\" content=\"Tiempo de lectura\" \/>\n\t<meta name=\"twitter:data2\" content=\"2 minutos\" \/>\n<script type=\"application\/ld+json\" class=\"yoast-schema-graph\">{\"@context\":\"https:\/\/schema.org\",\"@graph\":[{\"@type\":\"WebPage\",\"@id\":\"https:\/\/canal-literatura.es\/Apoesia3\/207-llueve-por-mirtho\/\",\"url\":\"https:\/\/canal-literatura.es\/Apoesia3\/207-llueve-por-mirtho\/\",\"name\":\"207- Llueve. Por MIRTHO - III Certamen Poemas Sin Rostro\",\"isPartOf\":{\"@id\":\"https:\/\/canal-literatura.es\/Apoesia3\/#website\"},\"datePublished\":\"2007-09-29T09:48:29+00:00\",\"dateModified\":\"2007-10-15T12:10:12+00:00\",\"author\":{\"@id\":\"https:\/\/canal-literatura.es\/Apoesia3\/#\/schema\/person\/0d6eef9b22d0797c13bc9e535eadc233\"},\"breadcrumb\":{\"@id\":\"https:\/\/canal-literatura.es\/Apoesia3\/207-llueve-por-mirtho\/#breadcrumb\"},\"inLanguage\":\"es\",\"potentialAction\":[{\"@type\":\"ReadAction\",\"target\":[\"https:\/\/canal-literatura.es\/Apoesia3\/207-llueve-por-mirtho\/\"]}]},{\"@type\":\"BreadcrumbList\",\"@id\":\"https:\/\/canal-literatura.es\/Apoesia3\/207-llueve-por-mirtho\/#breadcrumb\",\"itemListElement\":[{\"@type\":\"ListItem\",\"position\":1,\"name\":\"Portada\",\"item\":\"https:\/\/canal-literatura.es\/Apoesia3\/\"},{\"@type\":\"ListItem\",\"position\":2,\"name\":\"207- Llueve. Por MIRTHO\"}]},{\"@type\":\"WebSite\",\"@id\":\"https:\/\/canal-literatura.es\/Apoesia3\/#website\",\"url\":\"https:\/\/canal-literatura.es\/Apoesia3\/\",\"name\":\"III Certamen Poemas Sin Rostro\",\"description\":\"Web dedicada a los poemas, noticias, votaciones y todo lo relativo al III Certamen Poemas Sin Rostro\",\"potentialAction\":[{\"@type\":\"SearchAction\",\"target\":{\"@type\":\"EntryPoint\",\"urlTemplate\":\"https:\/\/canal-literatura.es\/Apoesia3\/?s={search_term_string}\"},\"query-input\":\"required name=search_term_string\"}],\"inLanguage\":\"es\"},{\"@type\":\"Person\",\"@id\":\"https:\/\/canal-literatura.es\/Apoesia3\/#\/schema\/person\/0d6eef9b22d0797c13bc9e535eadc233\",\"name\":\"correo\",\"sameAs\":[\"https:\/\/\"],\"url\":\"https:\/\/canal-literatura.es\/Apoesia3\/author\/admin\/\"}]}<\/script>\n<!-- \/ Yoast SEO plugin. -->","yoast_head_json":{"title":"207- Llueve. Por MIRTHO - III Certamen Poemas Sin Rostro","robots":{"index":"index","follow":"follow","max-snippet":"max-snippet:-1","max-image-preview":"max-image-preview:large","max-video-preview":"max-video-preview:-1"},"canonical":"https:\/\/canal-literatura.es\/Apoesia3\/207-llueve-por-mirtho\/","og_locale":"es_ES","og_type":"article","og_title":"207- Llueve. Por MIRTHO - III Certamen Poemas Sin Rostro","og_description":"Esta tarde llueve como nunca; y yo \u00a0\u00a0\u00a0\u00a0\u00a0\u00a0\u00a0\u00a0\u00a0\u00a0\u00a0\u00a0\u00a0\u00a0\u00a0\u00a0\u00a0\u00a0\u00a0\u00a0\u00a0\u00a0\u00a0\u00a0\u00a0\u00a0\u00a0\u00a0\u00a0\u00a0\u00a0\u00a0\u00a0\u00a0 No tengo ganas de vivir, coraz\u00f3n. \u00a0\u00a0\u00a0\u00a0\u00a0\u00a0\u00a0\u00a0\u00a0\u00a0\u00a0\u00a0\u00a0\u00a0\u00a0\u00a0\u00a0\u00a0\u00a0\u00a0\u00a0\u00a0\u00a0\u00a0\u00a0\u00a0\u00a0\u00a0\u00a0\u00a0\u00a0\u00a0\u00a0\u00a0\u00a0\u00a0\u00a0\u00a0\u00a0\u00a0\u00a0\u00a0\u00a0\u00a0\u00a0\u00a0\u00a0\u00a0\u00a0 C\u00e9sar Vallejo Esta tarde llueve y yo no estoy en Lima. Leer m\u00e1s","og_url":"https:\/\/canal-literatura.es\/Apoesia3\/207-llueve-por-mirtho\/","og_site_name":"III Certamen Poemas Sin Rostro","article_published_time":"2007-09-29T09:48:29+00:00","article_modified_time":"2007-10-15T12:10:12+00:00","author":"correo","twitter_card":"summary_large_image","twitter_misc":{"Escrito por":"correo","Tiempo de lectura":"2 minutos"},"schema":{"@context":"https:\/\/schema.org","@graph":[{"@type":"WebPage","@id":"https:\/\/canal-literatura.es\/Apoesia3\/207-llueve-por-mirtho\/","url":"https:\/\/canal-literatura.es\/Apoesia3\/207-llueve-por-mirtho\/","name":"207- Llueve. Por MIRTHO - III Certamen Poemas Sin Rostro","isPartOf":{"@id":"https:\/\/canal-literatura.es\/Apoesia3\/#website"},"datePublished":"2007-09-29T09:48:29+00:00","dateModified":"2007-10-15T12:10:12+00:00","author":{"@id":"https:\/\/canal-literatura.es\/Apoesia3\/#\/schema\/person\/0d6eef9b22d0797c13bc9e535eadc233"},"breadcrumb":{"@id":"https:\/\/canal-literatura.es\/Apoesia3\/207-llueve-por-mirtho\/#breadcrumb"},"inLanguage":"es","potentialAction":[{"@type":"ReadAction","target":["https:\/\/canal-literatura.es\/Apoesia3\/207-llueve-por-mirtho\/"]}]},{"@type":"BreadcrumbList","@id":"https:\/\/canal-literatura.es\/Apoesia3\/207-llueve-por-mirtho\/#breadcrumb","itemListElement":[{"@type":"ListItem","position":1,"name":"Portada","item":"https:\/\/canal-literatura.es\/Apoesia3\/"},{"@type":"ListItem","position":2,"name":"207- Llueve. Por MIRTHO"}]},{"@type":"WebSite","@id":"https:\/\/canal-literatura.es\/Apoesia3\/#website","url":"https:\/\/canal-literatura.es\/Apoesia3\/","name":"III Certamen Poemas Sin Rostro","description":"Web dedicada a los poemas, noticias, votaciones y todo lo relativo al III Certamen Poemas Sin Rostro","potentialAction":[{"@type":"SearchAction","target":{"@type":"EntryPoint","urlTemplate":"https:\/\/canal-literatura.es\/Apoesia3\/?s={search_term_string}"},"query-input":"required name=search_term_string"}],"inLanguage":"es"},{"@type":"Person","@id":"https:\/\/canal-literatura.es\/Apoesia3\/#\/schema\/person\/0d6eef9b22d0797c13bc9e535eadc233","name":"correo","sameAs":["https:\/\/"],"url":"https:\/\/canal-literatura.es\/Apoesia3\/author\/admin\/"}]}},"amp_enabled":true,"_links":{"self":[{"href":"https:\/\/canal-literatura.es\/Apoesia3\/wp-json\/wp\/v2\/posts\/213"}],"collection":[{"href":"https:\/\/canal-literatura.es\/Apoesia3\/wp-json\/wp\/v2\/posts"}],"about":[{"href":"https:\/\/canal-literatura.es\/Apoesia3\/wp-json\/wp\/v2\/types\/post"}],"author":[{"embeddable":true,"href":"https:\/\/canal-literatura.es\/Apoesia3\/wp-json\/wp\/v2\/users\/1"}],"replies":[{"embeddable":true,"href":"https:\/\/canal-literatura.es\/Apoesia3\/wp-json\/wp\/v2\/comments?post=213"}],"version-history":[{"count":0,"href":"https:\/\/canal-literatura.es\/Apoesia3\/wp-json\/wp\/v2\/posts\/213\/revisions"}],"wp:attachment":[{"href":"https:\/\/canal-literatura.es\/Apoesia3\/wp-json\/wp\/v2\/media?parent=213"}],"wp:term":[{"taxonomy":"category","embeddable":true,"href":"https:\/\/canal-literatura.es\/Apoesia3\/wp-json\/wp\/v2\/categories?post=213"},{"taxonomy":"post_tag","embeddable":true,"href":"https:\/\/canal-literatura.es\/Apoesia3\/wp-json\/wp\/v2\/tags?post=213"}],"curies":[{"name":"wp","href":"https:\/\/api.w.org\/{rel}","templated":true}]}}