{"id":20,"date":"2007-08-16T20:37:41","date_gmt":"2007-08-16T18:37:41","guid":{"rendered":"https:\/\/canal-literatura.com\/Apoesia3\/?p=20"},"modified":"2007-10-15T14:08:07","modified_gmt":"2007-10-15T12:08:07","slug":"15-amame-por-pasion-al-aire","status":"publish","type":"post","link":"https:\/\/canal-literatura.es\/Apoesia3\/15-amame-por-pasion-al-aire\/","title":{"rendered":"15- \u00c1mame. Por Pasi\u00f3n al aire"},"content":{"rendered":"<p>\u00c1mame, porque el reloj se detiene<br \/>\nen cada momento que no me miras.<br \/>\nLos minutos se transmutan en d\u00edas<!--more--><br \/>\ny entre los compases del silencio retumba<br \/>\nmi soledad en tu compa\u00f1\u00eda.<\/p>\n<p>A la sombra de un fantasma en agosto<br \/>\nes instante de violencia cosida, si no oigo tu voz.<br \/>\nY confundo el para\u00edso donde vivimos en tormenta,<br \/>\ndonde no hay puertas\u2026<br \/>\nY me siento fan\u00e9, confundida<br \/>\ny veo tu rostro descompuesto y \u00e1rido.<br \/>\nY el m\u00edo estropeado por a las l\u00e1grimas que ya no quer\u00edan caer,<br \/>\nsolo quer\u00edan que t\u00fa secaras esa humedad.<\/p>\n<p>No necesito una bofetada en la cara<br \/>\npara sentir el abandono,<br \/>\npresente en cada esquina de mi t\u00e1lamo&#8230;<br \/>\nMe voy a tomar un respiro, abrir mi coraz\u00f3n<br \/>\npara que crezca la semilla de tu amor.<br \/>\nQue haya de nuevo calor en mi cama\u2026<br \/>\nQue se vayan las nubes de mi ventana.<\/p>\n<p>Tus semillas crecer\u00e1n<br \/>\ncon la claridad de un nuevo cielo<br \/>\nY mis manos tocaran sus p\u00e9talos.<br \/>\n\u00c1mame.<\/p>\n<p>\u00a0<\/p>\n","protected":false},"excerpt":{"rendered":"<p>\u00c1mame, porque el reloj se detiene en cada momento que no me miras. Los minutos se transmutan en d\u00edas<\/p>\n<p> <a class=\"continue-reading-link\" href=\"https:\/\/canal-literatura.es\/Apoesia3\/15-amame-por-pasion-al-aire\/\"><span>Leer m\u00e1s<\/span><i class=\"crycon-right-dir\"><\/i><\/a> <\/p>\n","protected":false},"author":1,"featured_media":0,"comment_status":"open","ping_status":"open","sticky":false,"template":"","format":"standard","meta":[],"categories":[1],"tags":[],"yoast_head":"<!-- This site is optimized with the Yoast SEO plugin v19.13 - https:\/\/yoast.com\/wordpress\/plugins\/seo\/ -->\n<title>15- \u00c1mame. Por Pasi\u00f3n al aire - III Certamen Poemas Sin Rostro<\/title>\n<meta name=\"robots\" content=\"index, follow, max-snippet:-1, max-image-preview:large, max-video-preview:-1\" \/>\n<link rel=\"canonical\" href=\"https:\/\/canal-literatura.es\/Apoesia3\/15-amame-por-pasion-al-aire\/\" \/>\n<meta property=\"og:locale\" content=\"es_ES\" \/>\n<meta property=\"og:type\" content=\"article\" \/>\n<meta property=\"og:title\" content=\"15- \u00c1mame. Por Pasi\u00f3n al aire - III Certamen Poemas Sin Rostro\" \/>\n<meta property=\"og:description\" content=\"\u00c1mame, porque el reloj se detiene en cada momento que no me miras. Los minutos se transmutan en d\u00edas Leer m\u00e1s\" \/>\n<meta property=\"og:url\" content=\"https:\/\/canal-literatura.es\/Apoesia3\/15-amame-por-pasion-al-aire\/\" \/>\n<meta property=\"og:site_name\" content=\"III Certamen Poemas Sin Rostro\" \/>\n<meta property=\"article:published_time\" content=\"2007-08-16T18:37:41+00:00\" \/>\n<meta property=\"article:modified_time\" content=\"2007-10-15T12:08:07+00:00\" \/>\n<meta name=\"author\" content=\"correo\" \/>\n<meta name=\"twitter:card\" content=\"summary_large_image\" \/>\n<meta name=\"twitter:label1\" content=\"Escrito por\" \/>\n\t<meta name=\"twitter:data1\" content=\"correo\" \/>\n\t<meta name=\"twitter:label2\" content=\"Tiempo de lectura\" \/>\n\t<meta name=\"twitter:data2\" content=\"1 minuto\" \/>\n<script type=\"application\/ld+json\" class=\"yoast-schema-graph\">{\"@context\":\"https:\/\/schema.org\",\"@graph\":[{\"@type\":\"WebPage\",\"@id\":\"https:\/\/canal-literatura.es\/Apoesia3\/15-amame-por-pasion-al-aire\/\",\"url\":\"https:\/\/canal-literatura.es\/Apoesia3\/15-amame-por-pasion-al-aire\/\",\"name\":\"15- \u00c1mame. Por Pasi\u00f3n al aire - III Certamen Poemas Sin Rostro\",\"isPartOf\":{\"@id\":\"https:\/\/canal-literatura.es\/Apoesia3\/#website\"},\"datePublished\":\"2007-08-16T18:37:41+00:00\",\"dateModified\":\"2007-10-15T12:08:07+00:00\",\"author\":{\"@id\":\"https:\/\/canal-literatura.es\/Apoesia3\/#\/schema\/person\/0d6eef9b22d0797c13bc9e535eadc233\"},\"breadcrumb\":{\"@id\":\"https:\/\/canal-literatura.es\/Apoesia3\/15-amame-por-pasion-al-aire\/#breadcrumb\"},\"inLanguage\":\"es\",\"potentialAction\":[{\"@type\":\"ReadAction\",\"target\":[\"https:\/\/canal-literatura.es\/Apoesia3\/15-amame-por-pasion-al-aire\/\"]}]},{\"@type\":\"BreadcrumbList\",\"@id\":\"https:\/\/canal-literatura.es\/Apoesia3\/15-amame-por-pasion-al-aire\/#breadcrumb\",\"itemListElement\":[{\"@type\":\"ListItem\",\"position\":1,\"name\":\"Portada\",\"item\":\"https:\/\/canal-literatura.es\/Apoesia3\/\"},{\"@type\":\"ListItem\",\"position\":2,\"name\":\"15- \u00c1mame. Por Pasi\u00f3n al aire\"}]},{\"@type\":\"WebSite\",\"@id\":\"https:\/\/canal-literatura.es\/Apoesia3\/#website\",\"url\":\"https:\/\/canal-literatura.es\/Apoesia3\/\",\"name\":\"III Certamen Poemas Sin Rostro\",\"description\":\"Web dedicada a los poemas, noticias, votaciones y todo lo relativo al III Certamen Poemas Sin Rostro\",\"potentialAction\":[{\"@type\":\"SearchAction\",\"target\":{\"@type\":\"EntryPoint\",\"urlTemplate\":\"https:\/\/canal-literatura.es\/Apoesia3\/?s={search_term_string}\"},\"query-input\":\"required name=search_term_string\"}],\"inLanguage\":\"es\"},{\"@type\":\"Person\",\"@id\":\"https:\/\/canal-literatura.es\/Apoesia3\/#\/schema\/person\/0d6eef9b22d0797c13bc9e535eadc233\",\"name\":\"correo\",\"sameAs\":[\"https:\/\/\"],\"url\":\"https:\/\/canal-literatura.es\/Apoesia3\/author\/admin\/\"}]}<\/script>\n<!-- \/ Yoast SEO plugin. -->","yoast_head_json":{"title":"15- \u00c1mame. Por Pasi\u00f3n al aire - III Certamen Poemas Sin Rostro","robots":{"index":"index","follow":"follow","max-snippet":"max-snippet:-1","max-image-preview":"max-image-preview:large","max-video-preview":"max-video-preview:-1"},"canonical":"https:\/\/canal-literatura.es\/Apoesia3\/15-amame-por-pasion-al-aire\/","og_locale":"es_ES","og_type":"article","og_title":"15- \u00c1mame. Por Pasi\u00f3n al aire - III Certamen Poemas Sin Rostro","og_description":"\u00c1mame, porque el reloj se detiene en cada momento que no me miras. Los minutos se transmutan en d\u00edas Leer m\u00e1s","og_url":"https:\/\/canal-literatura.es\/Apoesia3\/15-amame-por-pasion-al-aire\/","og_site_name":"III Certamen Poemas Sin Rostro","article_published_time":"2007-08-16T18:37:41+00:00","article_modified_time":"2007-10-15T12:08:07+00:00","author":"correo","twitter_card":"summary_large_image","twitter_misc":{"Escrito por":"correo","Tiempo de lectura":"1 minuto"},"schema":{"@context":"https:\/\/schema.org","@graph":[{"@type":"WebPage","@id":"https:\/\/canal-literatura.es\/Apoesia3\/15-amame-por-pasion-al-aire\/","url":"https:\/\/canal-literatura.es\/Apoesia3\/15-amame-por-pasion-al-aire\/","name":"15- \u00c1mame. Por Pasi\u00f3n al aire - III Certamen Poemas Sin Rostro","isPartOf":{"@id":"https:\/\/canal-literatura.es\/Apoesia3\/#website"},"datePublished":"2007-08-16T18:37:41+00:00","dateModified":"2007-10-15T12:08:07+00:00","author":{"@id":"https:\/\/canal-literatura.es\/Apoesia3\/#\/schema\/person\/0d6eef9b22d0797c13bc9e535eadc233"},"breadcrumb":{"@id":"https:\/\/canal-literatura.es\/Apoesia3\/15-amame-por-pasion-al-aire\/#breadcrumb"},"inLanguage":"es","potentialAction":[{"@type":"ReadAction","target":["https:\/\/canal-literatura.es\/Apoesia3\/15-amame-por-pasion-al-aire\/"]}]},{"@type":"BreadcrumbList","@id":"https:\/\/canal-literatura.es\/Apoesia3\/15-amame-por-pasion-al-aire\/#breadcrumb","itemListElement":[{"@type":"ListItem","position":1,"name":"Portada","item":"https:\/\/canal-literatura.es\/Apoesia3\/"},{"@type":"ListItem","position":2,"name":"15- \u00c1mame. Por Pasi\u00f3n al aire"}]},{"@type":"WebSite","@id":"https:\/\/canal-literatura.es\/Apoesia3\/#website","url":"https:\/\/canal-literatura.es\/Apoesia3\/","name":"III Certamen Poemas Sin Rostro","description":"Web dedicada a los poemas, noticias, votaciones y todo lo relativo al III Certamen Poemas Sin Rostro","potentialAction":[{"@type":"SearchAction","target":{"@type":"EntryPoint","urlTemplate":"https:\/\/canal-literatura.es\/Apoesia3\/?s={search_term_string}"},"query-input":"required name=search_term_string"}],"inLanguage":"es"},{"@type":"Person","@id":"https:\/\/canal-literatura.es\/Apoesia3\/#\/schema\/person\/0d6eef9b22d0797c13bc9e535eadc233","name":"correo","sameAs":["https:\/\/"],"url":"https:\/\/canal-literatura.es\/Apoesia3\/author\/admin\/"}]}},"amp_enabled":true,"_links":{"self":[{"href":"https:\/\/canal-literatura.es\/Apoesia3\/wp-json\/wp\/v2\/posts\/20"}],"collection":[{"href":"https:\/\/canal-literatura.es\/Apoesia3\/wp-json\/wp\/v2\/posts"}],"about":[{"href":"https:\/\/canal-literatura.es\/Apoesia3\/wp-json\/wp\/v2\/types\/post"}],"author":[{"embeddable":true,"href":"https:\/\/canal-literatura.es\/Apoesia3\/wp-json\/wp\/v2\/users\/1"}],"replies":[{"embeddable":true,"href":"https:\/\/canal-literatura.es\/Apoesia3\/wp-json\/wp\/v2\/comments?post=20"}],"version-history":[{"count":0,"href":"https:\/\/canal-literatura.es\/Apoesia3\/wp-json\/wp\/v2\/posts\/20\/revisions"}],"wp:attachment":[{"href":"https:\/\/canal-literatura.es\/Apoesia3\/wp-json\/wp\/v2\/media?parent=20"}],"wp:term":[{"taxonomy":"category","embeddable":true,"href":"https:\/\/canal-literatura.es\/Apoesia3\/wp-json\/wp\/v2\/categories?post=20"},{"taxonomy":"post_tag","embeddable":true,"href":"https:\/\/canal-literatura.es\/Apoesia3\/wp-json\/wp\/v2\/tags?post=20"}],"curies":[{"name":"wp","href":"https:\/\/api.w.org\/{rel}","templated":true}]}}