{"id":190,"date":"2007-09-25T12:00:38","date_gmt":"2007-09-25T10:00:38","guid":{"rendered":"https:\/\/canal-literatura.com\/Apoesia3\/?p=190"},"modified":"2007-10-15T15:56:38","modified_gmt":"2007-10-15T13:56:38","slug":"184-sobre-la-fe-industrial-por-%c2%a7","status":"publish","type":"post","link":"https:\/\/canal-literatura.es\/Apoesia3\/184-sobre-la-fe-industrial-por-%c2%a7\/","title":{"rendered":"184-Sobre la Fe industrial. Por . \u00a7 ."},"content":{"rendered":"<p>Porque ahora las sirenas rompieron los t\u00edmpanos de los m\u00e1s d\u00e9biles por un recuerdo reflejo, por un recuerdo casi en el tiempo, teniendo en frente la distancia entre la merienda y los indecentes.<!--more--><\/p>\n<p>Metales en forma de navajas bostezaron sobre mi hombro y hablaron en un lenguaje que jam\u00e1s reconoc\u00ed.<br \/>\nMe sent\u00e9 en un trono y supe que exist\u00edan los dem\u00e1s. Todos ten\u00edan mi rostro, todos eran yo, eran yo pero diferente, diferente solo porque me reconoc\u00eda en ellos, como yo mismo.<\/p>\n<p>Los dem\u00e1s, los que son m\u00e1s, los que aun se aman y se entienden en silencio entre sus diferentes.<\/p>\n<p>Aun as\u00ed ya no pude catequizar mas mi propia alma, a que me mostrase alg\u00fan tipo de acuerdo real.<br \/>\nPor mi parte deje de sentir el aura cada vez que me miraba en los ojos del espejo.<br \/>\nQuiz\u00e1s ella se enojo\u2026<\/p>\n<p>\u00a0\u00a0\u00a0\u00a0\u00a0\u00a0\u00a0\u00a0\u00a0\u00a0\u00a0\u00a0\u00a0\u00a0\u00a0\u00a0\u00a0\u00a0\u00a0\u00a0\u00a0\u00a0\u00a0\u00a0\u00a0\u00a0\u00a0\u00a0\u00a0\u00a0\u00a0\u00a0\u00a0\u00a0\u00a0\u00a0\u00a0\u00a0\u00a0\u00a0\u00a0\u00a0\u00a0\u00a0\u00a0\u00a0\u00a0\u00a0\u00a0\u00a0\u00a0\u00a0\u00a0\u00a0\u00a0\u00a0\u00a0\u00a0\u00a0\u00a0\u00a0\u00a0\u00a0\u00a0\u00a0\u00a0\u00a0\u00a0\u00a0 \u2026Perdido pero justo resucitado.<\/p>\n<p>\u00a1Pero volv\u00ed!<br \/>\nVolv\u00ed con otro rostro, volv\u00ed con otros anhelos, volv\u00ed con un sentido lleno de sin forma, volv\u00ed arrastrando las manos por el suelo mientras caminaba, volv\u00ed con mas tiempo que nunca, volv\u00ed de corbata y con un malet\u00edn desguarnecido por el desierto, volv\u00ed con mas historia que nunca, volv\u00ed con la horma de otro, volv\u00ed yo pero sin m\u00ed, volv\u00ed hablando como el primer hombre, o sea, diciendo que era verdad que exist\u00eda la mentira.<\/p>\n<p>\u00a0\u00a0\u00a0 &#8211;\u00a0\u00bfQu\u00e9 era entonces?<\/p>\n<p>\u00a1La era de nosotros por supuesto!, pero acostados en el cielo de un Plat\u00f3n met\u00e1lico, funcional, estructurado en el n\u00facleo de la psicopat\u00eda sexual futurista de los nuevos tiempos que pasaron y que ahora son recordados por una mitolog\u00eda cient\u00edfica dentro de los corazones de la ciudadan\u00eda.<\/p>\n<p align=\"left\">\u00a0\u00a0\u00a0\u00a0\u00a0\u00a0\u00a0\u00a0\u00a0\u00a0\u00a0\u00a0\u00a0\u00a0\u00a0\u00a0\u00a0\u00a0\u00a0\u00a0\u00a0\u00a0\u00a0\u00a0\u00a0\u00a0\u00a0\u00a0\u00a0\u00a0\u00a0\u00a0\u00a0\u00a0\u00a0\u00a0\u00a0\u00a0\u00a0\u00a0\u00a0\u00a0\u00a0\u00a0\u00a0\u00a0\u00a0\u00a0\u00a0\u00a0\u00a0\u00a0\u00a0\u00a0\u00a0\u00a0\u00a0\u00a0\u00a0Pero jam\u00e1s perd\u00ed la raz\u00f3n.<br \/>\n\u00a0\u00a0\u00a0\u00a0\u00a0\u00a0\u00a0\u00a0\u00a0\u00a0\u00a0\u00a0\u00a0\u00a0\u00a0\u00a0\u00a0\u00a0\u00a0\u00a0\u00a0\u00a0\u00a0\u00a0\u00a0\u00a0\u00a0\u00a0\u00a0\u00a0\u00a0\u00a0\u00a0\u00a0\u00a0\u00a0\u00a0\u00a0\u00a0\u00a0\u00a0\u00a0\u00a0\u00a0\u00a0\u00a0\u00a0\u00a0\u00a0\u00a0\u00a0\u00a0\u00a0\u00a0\u00a0\u00a0\u00a0\u00a0\u00a0Y me calme.<br \/>\n\u00a0\u00a0\u00a0\u00a0\u00a0\u00a0\u00a0\u00a0\u00a0\u00a0\u00a0\u00a0\u00a0\u00a0\u00a0\u00a0\u00a0\u00a0\u00a0\u00a0\u00a0\u00a0\u00a0\u00a0\u00a0\u00a0\u00a0\u00a0\u00a0\u00a0\u00a0\u00a0\u00a0\u00a0\u00a0\u00a0\u00a0\u00a0\u00a0\u00a0\u00a0\u00a0\u00a0\u00a0\u00a0\u00a0\u00a0\u00a0\u00a0\u00a0\u00a0\u00a0\u00a0\u00a0\u00a0\u00a0\u00a0\u00a0\u00a0Me identifique.<br \/>\n\u00a0\u00a0\u00a0\u00a0\u00a0\u00a0\u00a0\u00a0\u00a0\u00a0\u00a0\u00a0\u00a0\u00a0\u00a0\u00a0\u00a0\u00a0\u00a0\u00a0\u00a0\u00a0\u00a0\u00a0\u00a0\u00a0\u00a0\u00a0\u00a0\u00a0\u00a0\u00a0\u00a0\u00a0\u00a0\u00a0\u00a0\u00a0\u00a0\u00a0\u00a0\u00a0\u00a0\u00a0\u00a0\u00a0\u00a0\u00a0\u00a0\u00a0\u00a0\u00a0\u00a0\u00a0\u00a0\u00a0\u00a0\u00a0\u00a0supe que en alg\u00fan recuerdo part\u00eda a morir.<br \/>\nApareci\u00f3 el hombre infinito.<\/p>\n","protected":false},"excerpt":{"rendered":"<p>Porque ahora las sirenas rompieron los t\u00edmpanos de los m\u00e1s d\u00e9biles por un recuerdo reflejo, por un recuerdo casi en el tiempo, teniendo en frente la distancia entre la merienda y los indecentes.<\/p>\n<p> <a class=\"continue-reading-link\" href=\"https:\/\/canal-literatura.es\/Apoesia3\/184-sobre-la-fe-industrial-por-%c2%a7\/\"><span>Leer m\u00e1s<\/span><i class=\"crycon-right-dir\"><\/i><\/a> <\/p>\n","protected":false},"author":1,"featured_media":0,"comment_status":"open","ping_status":"open","sticky":false,"template":"","format":"standard","meta":[],"categories":[1],"tags":[],"yoast_head":"<!-- This site is optimized with the Yoast SEO plugin v19.13 - https:\/\/yoast.com\/wordpress\/plugins\/seo\/ -->\n<title>184-Sobre la Fe industrial. Por . \u00a7 . - III Certamen Poemas Sin Rostro<\/title>\n<meta name=\"robots\" content=\"index, follow, max-snippet:-1, max-image-preview:large, max-video-preview:-1\" \/>\n<link rel=\"canonical\" href=\"https:\/\/canal-literatura.es\/Apoesia3\/184-sobre-la-fe-industrial-por-\u00a7\/\" \/>\n<meta property=\"og:locale\" content=\"es_ES\" \/>\n<meta property=\"og:type\" content=\"article\" \/>\n<meta property=\"og:title\" content=\"184-Sobre la Fe industrial. Por . \u00a7 . - III Certamen Poemas Sin Rostro\" \/>\n<meta property=\"og:description\" content=\"Porque ahora las sirenas rompieron los t\u00edmpanos de los m\u00e1s d\u00e9biles por un recuerdo reflejo, por un recuerdo casi en el tiempo, teniendo en frente la distancia entre la merienda y los indecentes. Leer m\u00e1s\" \/>\n<meta property=\"og:url\" content=\"https:\/\/canal-literatura.es\/Apoesia3\/184-sobre-la-fe-industrial-por-\u00a7\/\" \/>\n<meta property=\"og:site_name\" content=\"III Certamen Poemas Sin Rostro\" \/>\n<meta property=\"article:published_time\" content=\"2007-09-25T10:00:38+00:00\" \/>\n<meta property=\"article:modified_time\" content=\"2007-10-15T13:56:38+00:00\" \/>\n<meta name=\"author\" content=\"correo\" \/>\n<meta name=\"twitter:card\" content=\"summary_large_image\" \/>\n<meta name=\"twitter:label1\" content=\"Escrito por\" \/>\n\t<meta name=\"twitter:data1\" content=\"correo\" \/>\n\t<meta name=\"twitter:label2\" content=\"Tiempo de lectura\" \/>\n\t<meta name=\"twitter:data2\" content=\"2 minutos\" \/>\n<script type=\"application\/ld+json\" class=\"yoast-schema-graph\">{\"@context\":\"https:\/\/schema.org\",\"@graph\":[{\"@type\":\"WebPage\",\"@id\":\"https:\/\/canal-literatura.es\/Apoesia3\/184-sobre-la-fe-industrial-por-%c2%a7\/\",\"url\":\"https:\/\/canal-literatura.es\/Apoesia3\/184-sobre-la-fe-industrial-por-%c2%a7\/\",\"name\":\"184-Sobre la Fe industrial. Por . \u00a7 . - III Certamen Poemas Sin Rostro\",\"isPartOf\":{\"@id\":\"https:\/\/canal-literatura.es\/Apoesia3\/#website\"},\"datePublished\":\"2007-09-25T10:00:38+00:00\",\"dateModified\":\"2007-10-15T13:56:38+00:00\",\"author\":{\"@id\":\"https:\/\/canal-literatura.es\/Apoesia3\/#\/schema\/person\/0d6eef9b22d0797c13bc9e535eadc233\"},\"breadcrumb\":{\"@id\":\"https:\/\/canal-literatura.es\/Apoesia3\/184-sobre-la-fe-industrial-por-%c2%a7\/#breadcrumb\"},\"inLanguage\":\"es\",\"potentialAction\":[{\"@type\":\"ReadAction\",\"target\":[\"https:\/\/canal-literatura.es\/Apoesia3\/184-sobre-la-fe-industrial-por-%c2%a7\/\"]}]},{\"@type\":\"BreadcrumbList\",\"@id\":\"https:\/\/canal-literatura.es\/Apoesia3\/184-sobre-la-fe-industrial-por-%c2%a7\/#breadcrumb\",\"itemListElement\":[{\"@type\":\"ListItem\",\"position\":1,\"name\":\"Portada\",\"item\":\"https:\/\/canal-literatura.es\/Apoesia3\/\"},{\"@type\":\"ListItem\",\"position\":2,\"name\":\"184-Sobre la Fe industrial. Por . \u00a7 .\"}]},{\"@type\":\"WebSite\",\"@id\":\"https:\/\/canal-literatura.es\/Apoesia3\/#website\",\"url\":\"https:\/\/canal-literatura.es\/Apoesia3\/\",\"name\":\"III Certamen Poemas Sin Rostro\",\"description\":\"Web dedicada a los poemas, noticias, votaciones y todo lo relativo al III Certamen Poemas Sin Rostro\",\"potentialAction\":[{\"@type\":\"SearchAction\",\"target\":{\"@type\":\"EntryPoint\",\"urlTemplate\":\"https:\/\/canal-literatura.es\/Apoesia3\/?s={search_term_string}\"},\"query-input\":\"required name=search_term_string\"}],\"inLanguage\":\"es\"},{\"@type\":\"Person\",\"@id\":\"https:\/\/canal-literatura.es\/Apoesia3\/#\/schema\/person\/0d6eef9b22d0797c13bc9e535eadc233\",\"name\":\"correo\",\"sameAs\":[\"https:\/\/\"],\"url\":\"https:\/\/canal-literatura.es\/Apoesia3\/author\/admin\/\"}]}<\/script>\n<!-- \/ Yoast SEO plugin. -->","yoast_head_json":{"title":"184-Sobre la Fe industrial. Por . \u00a7 . - III Certamen Poemas Sin Rostro","robots":{"index":"index","follow":"follow","max-snippet":"max-snippet:-1","max-image-preview":"max-image-preview:large","max-video-preview":"max-video-preview:-1"},"canonical":"https:\/\/canal-literatura.es\/Apoesia3\/184-sobre-la-fe-industrial-por-\u00a7\/","og_locale":"es_ES","og_type":"article","og_title":"184-Sobre la Fe industrial. Por . \u00a7 . - III Certamen Poemas Sin Rostro","og_description":"Porque ahora las sirenas rompieron los t\u00edmpanos de los m\u00e1s d\u00e9biles por un recuerdo reflejo, por un recuerdo casi en el tiempo, teniendo en frente la distancia entre la merienda y los indecentes. Leer m\u00e1s","og_url":"https:\/\/canal-literatura.es\/Apoesia3\/184-sobre-la-fe-industrial-por-\u00a7\/","og_site_name":"III Certamen Poemas Sin Rostro","article_published_time":"2007-09-25T10:00:38+00:00","article_modified_time":"2007-10-15T13:56:38+00:00","author":"correo","twitter_card":"summary_large_image","twitter_misc":{"Escrito por":"correo","Tiempo de lectura":"2 minutos"},"schema":{"@context":"https:\/\/schema.org","@graph":[{"@type":"WebPage","@id":"https:\/\/canal-literatura.es\/Apoesia3\/184-sobre-la-fe-industrial-por-%c2%a7\/","url":"https:\/\/canal-literatura.es\/Apoesia3\/184-sobre-la-fe-industrial-por-%c2%a7\/","name":"184-Sobre la Fe industrial. Por . \u00a7 . - III Certamen Poemas Sin Rostro","isPartOf":{"@id":"https:\/\/canal-literatura.es\/Apoesia3\/#website"},"datePublished":"2007-09-25T10:00:38+00:00","dateModified":"2007-10-15T13:56:38+00:00","author":{"@id":"https:\/\/canal-literatura.es\/Apoesia3\/#\/schema\/person\/0d6eef9b22d0797c13bc9e535eadc233"},"breadcrumb":{"@id":"https:\/\/canal-literatura.es\/Apoesia3\/184-sobre-la-fe-industrial-por-%c2%a7\/#breadcrumb"},"inLanguage":"es","potentialAction":[{"@type":"ReadAction","target":["https:\/\/canal-literatura.es\/Apoesia3\/184-sobre-la-fe-industrial-por-%c2%a7\/"]}]},{"@type":"BreadcrumbList","@id":"https:\/\/canal-literatura.es\/Apoesia3\/184-sobre-la-fe-industrial-por-%c2%a7\/#breadcrumb","itemListElement":[{"@type":"ListItem","position":1,"name":"Portada","item":"https:\/\/canal-literatura.es\/Apoesia3\/"},{"@type":"ListItem","position":2,"name":"184-Sobre la Fe industrial. Por . \u00a7 ."}]},{"@type":"WebSite","@id":"https:\/\/canal-literatura.es\/Apoesia3\/#website","url":"https:\/\/canal-literatura.es\/Apoesia3\/","name":"III Certamen Poemas Sin Rostro","description":"Web dedicada a los poemas, noticias, votaciones y todo lo relativo al III Certamen Poemas Sin Rostro","potentialAction":[{"@type":"SearchAction","target":{"@type":"EntryPoint","urlTemplate":"https:\/\/canal-literatura.es\/Apoesia3\/?s={search_term_string}"},"query-input":"required name=search_term_string"}],"inLanguage":"es"},{"@type":"Person","@id":"https:\/\/canal-literatura.es\/Apoesia3\/#\/schema\/person\/0d6eef9b22d0797c13bc9e535eadc233","name":"correo","sameAs":["https:\/\/"],"url":"https:\/\/canal-literatura.es\/Apoesia3\/author\/admin\/"}]}},"amp_enabled":true,"_links":{"self":[{"href":"https:\/\/canal-literatura.es\/Apoesia3\/wp-json\/wp\/v2\/posts\/190"}],"collection":[{"href":"https:\/\/canal-literatura.es\/Apoesia3\/wp-json\/wp\/v2\/posts"}],"about":[{"href":"https:\/\/canal-literatura.es\/Apoesia3\/wp-json\/wp\/v2\/types\/post"}],"author":[{"embeddable":true,"href":"https:\/\/canal-literatura.es\/Apoesia3\/wp-json\/wp\/v2\/users\/1"}],"replies":[{"embeddable":true,"href":"https:\/\/canal-literatura.es\/Apoesia3\/wp-json\/wp\/v2\/comments?post=190"}],"version-history":[{"count":0,"href":"https:\/\/canal-literatura.es\/Apoesia3\/wp-json\/wp\/v2\/posts\/190\/revisions"}],"wp:attachment":[{"href":"https:\/\/canal-literatura.es\/Apoesia3\/wp-json\/wp\/v2\/media?parent=190"}],"wp:term":[{"taxonomy":"category","embeddable":true,"href":"https:\/\/canal-literatura.es\/Apoesia3\/wp-json\/wp\/v2\/categories?post=190"},{"taxonomy":"post_tag","embeddable":true,"href":"https:\/\/canal-literatura.es\/Apoesia3\/wp-json\/wp\/v2\/tags?post=190"}],"curies":[{"name":"wp","href":"https:\/\/api.w.org\/{rel}","templated":true}]}}