{"id":181,"date":"2007-09-22T21:57:51","date_gmt":"2007-09-22T19:57:51","guid":{"rendered":"https:\/\/canal-literatura.com\/Apoesia3\/?p=181"},"modified":"2007-10-15T16:03:15","modified_gmt":"2007-10-15T14:03:15","slug":"175-sin-rumbo-por-sara-sanchez","status":"publish","type":"post","link":"https:\/\/canal-literatura.es\/Apoesia3\/175-sin-rumbo-por-sara-sanchez\/","title":{"rendered":"175- Sin rumbo. Por Sara S\u00e1nchez"},"content":{"rendered":"<p>Caminaba sin rumbo\u2026<br \/>\nPero con un rumbo fijo<br \/>\nQue mis pies conoc\u00edan<!--more--><br \/>\nHipnotizado el resto de mi cuerpo<br \/>\nMirada desenfocada hacia el vac\u00edo<br \/>\n-y t\u00fa nos segu\u00edas-<br \/>\nCon el fr\u00edo acech\u00e1ndome<br \/>\nMe rodeaba como el aire<br \/>\nEntraba en m\u00ed al respirar<br \/>\nAl avanzar. Desde el suelo hasta tu cabeza<br \/>\nY de atr\u00e1s a adelante<br \/>\nEl fr\u00edo estaba en m\u00ed\u2026 pero yo no estaba en el fr\u00edo<br \/>\nEl fr\u00edo era yo. Pero yo no era el fr\u00edo.<br \/>\n\u00c9l me utilizaba como refugio.<br \/>\nFui su sarc\u00f3fago esa noche.<br \/>\n\u00cdbamos caminando por la calle\u2026<br \/>\nMi compa\u00f1ero y yo. Pero yo sin rumbo.<br \/>\n\u00c9ramos androides. Pero yo la vaina. El caparaz\u00f3n<br \/>\nCre\u00eda que me pose\u00eda y yo le dejaba entrar\u2026<br \/>\nLe dejaba s\u00f3lo atravesarme\u2026pero no se daba cuenta<br \/>\nQuiso creer que pod\u00eda comprar la luna<br \/>\nY la luna vino a sus pies<br \/>\nQuiso robar la mitad de cada d\u00eda<br \/>\nY muri\u00f3 ciego<br \/>\nQuiso probar el fuego y besar los labios<br \/>\nDel destino<br \/>\n\u2026Sus besos\u2026sus besos ahora lloran\u2026<br \/>\nEscuch\u00f3 la m\u00fasica de la nieve<br \/>\nIntentando poseerlo todo\u2026 cuando acab\u00f3<br \/>\nEra ya\u2026 viejo<br \/>\nY estaba cansado de jugar<br \/>\nAs\u00ed que la vida decidi\u00f3 jugar con \u00e9l\u2026<br \/>\n\u00cdbamos caminando por la calle esa noche.<br \/>\nCaminaba yo sin rumbo\u2026<br \/>\nPero con un rumbo fijo<br \/>\nQue mis pies conoc\u00edan.<\/p>\n","protected":false},"excerpt":{"rendered":"<p>Caminaba sin rumbo\u2026 Pero con un rumbo fijo Que mis pies conoc\u00edan<\/p>\n<p> <a class=\"continue-reading-link\" href=\"https:\/\/canal-literatura.es\/Apoesia3\/175-sin-rumbo-por-sara-sanchez\/\"><span>Leer m\u00e1s<\/span><i class=\"crycon-right-dir\"><\/i><\/a> <\/p>\n","protected":false},"author":1,"featured_media":0,"comment_status":"open","ping_status":"open","sticky":false,"template":"","format":"standard","meta":[],"categories":[1],"tags":[],"yoast_head":"<!-- This site is optimized with the Yoast SEO plugin v19.13 - https:\/\/yoast.com\/wordpress\/plugins\/seo\/ -->\n<title>175- Sin rumbo. Por Sara S\u00e1nchez - III Certamen Poemas Sin Rostro<\/title>\n<meta name=\"robots\" content=\"index, follow, max-snippet:-1, max-image-preview:large, max-video-preview:-1\" \/>\n<link rel=\"canonical\" href=\"https:\/\/canal-literatura.es\/Apoesia3\/175-sin-rumbo-por-sara-sanchez\/\" \/>\n<meta property=\"og:locale\" content=\"es_ES\" \/>\n<meta property=\"og:type\" content=\"article\" \/>\n<meta property=\"og:title\" content=\"175- Sin rumbo. Por Sara S\u00e1nchez - III Certamen Poemas Sin Rostro\" \/>\n<meta property=\"og:description\" content=\"Caminaba sin rumbo\u2026 Pero con un rumbo fijo Que mis pies conoc\u00edan Leer m\u00e1s\" \/>\n<meta property=\"og:url\" content=\"https:\/\/canal-literatura.es\/Apoesia3\/175-sin-rumbo-por-sara-sanchez\/\" \/>\n<meta property=\"og:site_name\" content=\"III Certamen Poemas Sin Rostro\" \/>\n<meta property=\"article:published_time\" content=\"2007-09-22T19:57:51+00:00\" \/>\n<meta property=\"article:modified_time\" content=\"2007-10-15T14:03:15+00:00\" \/>\n<meta name=\"author\" content=\"correo\" \/>\n<meta name=\"twitter:card\" content=\"summary_large_image\" \/>\n<meta name=\"twitter:label1\" content=\"Escrito por\" \/>\n\t<meta name=\"twitter:data1\" content=\"correo\" \/>\n\t<meta name=\"twitter:label2\" content=\"Tiempo de lectura\" \/>\n\t<meta name=\"twitter:data2\" content=\"1 minuto\" \/>\n<script type=\"application\/ld+json\" class=\"yoast-schema-graph\">{\"@context\":\"https:\/\/schema.org\",\"@graph\":[{\"@type\":\"WebPage\",\"@id\":\"https:\/\/canal-literatura.es\/Apoesia3\/175-sin-rumbo-por-sara-sanchez\/\",\"url\":\"https:\/\/canal-literatura.es\/Apoesia3\/175-sin-rumbo-por-sara-sanchez\/\",\"name\":\"175- Sin rumbo. Por Sara S\u00e1nchez - III Certamen Poemas Sin Rostro\",\"isPartOf\":{\"@id\":\"https:\/\/canal-literatura.es\/Apoesia3\/#website\"},\"datePublished\":\"2007-09-22T19:57:51+00:00\",\"dateModified\":\"2007-10-15T14:03:15+00:00\",\"author\":{\"@id\":\"https:\/\/canal-literatura.es\/Apoesia3\/#\/schema\/person\/0d6eef9b22d0797c13bc9e535eadc233\"},\"breadcrumb\":{\"@id\":\"https:\/\/canal-literatura.es\/Apoesia3\/175-sin-rumbo-por-sara-sanchez\/#breadcrumb\"},\"inLanguage\":\"es\",\"potentialAction\":[{\"@type\":\"ReadAction\",\"target\":[\"https:\/\/canal-literatura.es\/Apoesia3\/175-sin-rumbo-por-sara-sanchez\/\"]}]},{\"@type\":\"BreadcrumbList\",\"@id\":\"https:\/\/canal-literatura.es\/Apoesia3\/175-sin-rumbo-por-sara-sanchez\/#breadcrumb\",\"itemListElement\":[{\"@type\":\"ListItem\",\"position\":1,\"name\":\"Portada\",\"item\":\"https:\/\/canal-literatura.es\/Apoesia3\/\"},{\"@type\":\"ListItem\",\"position\":2,\"name\":\"175- Sin rumbo. Por Sara S\u00e1nchez\"}]},{\"@type\":\"WebSite\",\"@id\":\"https:\/\/canal-literatura.es\/Apoesia3\/#website\",\"url\":\"https:\/\/canal-literatura.es\/Apoesia3\/\",\"name\":\"III Certamen Poemas Sin Rostro\",\"description\":\"Web dedicada a los poemas, noticias, votaciones y todo lo relativo al III Certamen Poemas Sin Rostro\",\"potentialAction\":[{\"@type\":\"SearchAction\",\"target\":{\"@type\":\"EntryPoint\",\"urlTemplate\":\"https:\/\/canal-literatura.es\/Apoesia3\/?s={search_term_string}\"},\"query-input\":\"required name=search_term_string\"}],\"inLanguage\":\"es\"},{\"@type\":\"Person\",\"@id\":\"https:\/\/canal-literatura.es\/Apoesia3\/#\/schema\/person\/0d6eef9b22d0797c13bc9e535eadc233\",\"name\":\"correo\",\"sameAs\":[\"https:\/\/\"],\"url\":\"https:\/\/canal-literatura.es\/Apoesia3\/author\/admin\/\"}]}<\/script>\n<!-- \/ Yoast SEO plugin. -->","yoast_head_json":{"title":"175- Sin rumbo. Por Sara S\u00e1nchez - III Certamen Poemas Sin Rostro","robots":{"index":"index","follow":"follow","max-snippet":"max-snippet:-1","max-image-preview":"max-image-preview:large","max-video-preview":"max-video-preview:-1"},"canonical":"https:\/\/canal-literatura.es\/Apoesia3\/175-sin-rumbo-por-sara-sanchez\/","og_locale":"es_ES","og_type":"article","og_title":"175- Sin rumbo. Por Sara S\u00e1nchez - III Certamen Poemas Sin Rostro","og_description":"Caminaba sin rumbo\u2026 Pero con un rumbo fijo Que mis pies conoc\u00edan Leer m\u00e1s","og_url":"https:\/\/canal-literatura.es\/Apoesia3\/175-sin-rumbo-por-sara-sanchez\/","og_site_name":"III Certamen Poemas Sin Rostro","article_published_time":"2007-09-22T19:57:51+00:00","article_modified_time":"2007-10-15T14:03:15+00:00","author":"correo","twitter_card":"summary_large_image","twitter_misc":{"Escrito por":"correo","Tiempo de lectura":"1 minuto"},"schema":{"@context":"https:\/\/schema.org","@graph":[{"@type":"WebPage","@id":"https:\/\/canal-literatura.es\/Apoesia3\/175-sin-rumbo-por-sara-sanchez\/","url":"https:\/\/canal-literatura.es\/Apoesia3\/175-sin-rumbo-por-sara-sanchez\/","name":"175- Sin rumbo. Por Sara S\u00e1nchez - III Certamen Poemas Sin Rostro","isPartOf":{"@id":"https:\/\/canal-literatura.es\/Apoesia3\/#website"},"datePublished":"2007-09-22T19:57:51+00:00","dateModified":"2007-10-15T14:03:15+00:00","author":{"@id":"https:\/\/canal-literatura.es\/Apoesia3\/#\/schema\/person\/0d6eef9b22d0797c13bc9e535eadc233"},"breadcrumb":{"@id":"https:\/\/canal-literatura.es\/Apoesia3\/175-sin-rumbo-por-sara-sanchez\/#breadcrumb"},"inLanguage":"es","potentialAction":[{"@type":"ReadAction","target":["https:\/\/canal-literatura.es\/Apoesia3\/175-sin-rumbo-por-sara-sanchez\/"]}]},{"@type":"BreadcrumbList","@id":"https:\/\/canal-literatura.es\/Apoesia3\/175-sin-rumbo-por-sara-sanchez\/#breadcrumb","itemListElement":[{"@type":"ListItem","position":1,"name":"Portada","item":"https:\/\/canal-literatura.es\/Apoesia3\/"},{"@type":"ListItem","position":2,"name":"175- Sin rumbo. Por Sara S\u00e1nchez"}]},{"@type":"WebSite","@id":"https:\/\/canal-literatura.es\/Apoesia3\/#website","url":"https:\/\/canal-literatura.es\/Apoesia3\/","name":"III Certamen Poemas Sin Rostro","description":"Web dedicada a los poemas, noticias, votaciones y todo lo relativo al III Certamen Poemas Sin Rostro","potentialAction":[{"@type":"SearchAction","target":{"@type":"EntryPoint","urlTemplate":"https:\/\/canal-literatura.es\/Apoesia3\/?s={search_term_string}"},"query-input":"required name=search_term_string"}],"inLanguage":"es"},{"@type":"Person","@id":"https:\/\/canal-literatura.es\/Apoesia3\/#\/schema\/person\/0d6eef9b22d0797c13bc9e535eadc233","name":"correo","sameAs":["https:\/\/"],"url":"https:\/\/canal-literatura.es\/Apoesia3\/author\/admin\/"}]}},"amp_enabled":true,"_links":{"self":[{"href":"https:\/\/canal-literatura.es\/Apoesia3\/wp-json\/wp\/v2\/posts\/181"}],"collection":[{"href":"https:\/\/canal-literatura.es\/Apoesia3\/wp-json\/wp\/v2\/posts"}],"about":[{"href":"https:\/\/canal-literatura.es\/Apoesia3\/wp-json\/wp\/v2\/types\/post"}],"author":[{"embeddable":true,"href":"https:\/\/canal-literatura.es\/Apoesia3\/wp-json\/wp\/v2\/users\/1"}],"replies":[{"embeddable":true,"href":"https:\/\/canal-literatura.es\/Apoesia3\/wp-json\/wp\/v2\/comments?post=181"}],"version-history":[{"count":0,"href":"https:\/\/canal-literatura.es\/Apoesia3\/wp-json\/wp\/v2\/posts\/181\/revisions"}],"wp:attachment":[{"href":"https:\/\/canal-literatura.es\/Apoesia3\/wp-json\/wp\/v2\/media?parent=181"}],"wp:term":[{"taxonomy":"category","embeddable":true,"href":"https:\/\/canal-literatura.es\/Apoesia3\/wp-json\/wp\/v2\/categories?post=181"},{"taxonomy":"post_tag","embeddable":true,"href":"https:\/\/canal-literatura.es\/Apoesia3\/wp-json\/wp\/v2\/tags?post=181"}],"curies":[{"name":"wp","href":"https:\/\/api.w.org\/{rel}","templated":true}]}}