{"id":180,"date":"2007-09-22T21:43:54","date_gmt":"2007-09-22T19:43:54","guid":{"rendered":"https:\/\/canal-literatura.com\/Apoesia3\/?p=180"},"modified":"2007-10-15T16:03:54","modified_gmt":"2007-10-15T14:03:54","slug":"174-el-olvido-por-golem","status":"publish","type":"post","link":"https:\/\/canal-literatura.es\/Apoesia3\/174-el-olvido-por-golem\/","title":{"rendered":"174- El Olvido. Por Golem"},"content":{"rendered":"<p>\u00bfC\u00f3mo lograr olvidarte si tu recuerdo me acosa<br \/>\nme abruma, me invade<br \/>\nsacude y arroja?<!--more--><br \/>\n\u00bfQu\u00e9 m\u00e1gicas s\u00edlabas, qu\u00e9 secretas palabras<br \/>\nhar\u00e1n que despiertes y que abras tus alas?<br \/>\n\u00bfMe dir\u00e1s alg\u00fan d\u00eda cu\u00e1l es<br \/>\nel perfume de encanto, el embrujo en tu almohada<br \/>\nque alimenta tus sue\u00f1os y adormece tu alma?<\/p>\n<p>Te quedas quieta, serena, distante<br \/>\npasiva, pausada y vac\u00eda<br \/>\nMi pena infinita asiste a tu condena<br \/>\nes tu prisi\u00f3n, las cadenas<br \/>\nque te tienen cautiva<br \/>\nEnsayo una salida:<br \/>\nreconocer los bordes, las alturas, las aristas<br \/>\nexamino columnas, dinteles, cornisas<br \/>\nmaldigo l\u00edmites y pasajes<br \/>\nbarrotes y herrajes<br \/>\nque demoran la huida<br \/>\n\u00bfPor qu\u00e9 no me ayudas?<br \/>\n\u00bfAbandonas la lucha, te rindes, te entregas?<br \/>\n\u00a1No acrecientes mis dudas!<br \/>\n\u00a1No compliques mis penas!<br \/>\nEspectador solitario que espera<br \/>\nuna cita de butaca y locura vac\u00eda que encierra:<br \/>\nun eclipse<br \/>\nun destello<br \/>\nuna flor<br \/>\nuna caricia<br \/>\nEl tel\u00f3n que se levanta y desviste personajes<br \/>\ndisfraces<br \/>\n\u00a0ropajes<br \/>\nm\u00e1scaras<br \/>\n\u00a0intrigas<br \/>\nIgnorando las fuentes, los procesos y las causas<br \/>\nconfiando en la vista de un ciego<br \/>\nla suerte de los dados o el azar de la baraja<br \/>\n(el tenue destino del amor sin sosiego)<br \/>\n\u00bfPor qu\u00e9 no respondes?<br \/>\n\u00bfPor qu\u00e9 no respondes\u2026?<br \/>\n\u00a1Cu\u00e1nto teme a los silencios quien teme lo abandonen!<\/p>\n<p>Lejana la esperanza del \u00faltimo rescate<br \/>\nllega el grito del Olvido<br \/>\nuna lanza que me abate<br \/>\nblanca espada que fulmina<br \/>\nque atraviesa<br \/>\ndivide<br \/>\nreduce<br \/>\n\u00a0y aniquila.<\/p>\n","protected":false},"excerpt":{"rendered":"<p>\u00bfC\u00f3mo lograr olvidarte si tu recuerdo me acosa me abruma, me invade sacude y arroja?<\/p>\n<p> <a class=\"continue-reading-link\" href=\"https:\/\/canal-literatura.es\/Apoesia3\/174-el-olvido-por-golem\/\"><span>Leer m\u00e1s<\/span><i class=\"crycon-right-dir\"><\/i><\/a> <\/p>\n","protected":false},"author":1,"featured_media":0,"comment_status":"open","ping_status":"open","sticky":false,"template":"","format":"standard","meta":[],"categories":[1],"tags":[],"yoast_head":"<!-- This site is optimized with the Yoast SEO plugin v19.13 - https:\/\/yoast.com\/wordpress\/plugins\/seo\/ -->\n<title>174- El Olvido. Por Golem - III Certamen Poemas Sin Rostro<\/title>\n<meta name=\"robots\" content=\"index, follow, max-snippet:-1, max-image-preview:large, max-video-preview:-1\" \/>\n<link rel=\"canonical\" href=\"https:\/\/canal-literatura.es\/Apoesia3\/174-el-olvido-por-golem\/\" \/>\n<meta property=\"og:locale\" content=\"es_ES\" \/>\n<meta property=\"og:type\" content=\"article\" \/>\n<meta property=\"og:title\" content=\"174- El Olvido. Por Golem - III Certamen Poemas Sin Rostro\" \/>\n<meta property=\"og:description\" content=\"\u00bfC\u00f3mo lograr olvidarte si tu recuerdo me acosa me abruma, me invade sacude y arroja? Leer m\u00e1s\" \/>\n<meta property=\"og:url\" content=\"https:\/\/canal-literatura.es\/Apoesia3\/174-el-olvido-por-golem\/\" \/>\n<meta property=\"og:site_name\" content=\"III Certamen Poemas Sin Rostro\" \/>\n<meta property=\"article:published_time\" content=\"2007-09-22T19:43:54+00:00\" \/>\n<meta property=\"article:modified_time\" content=\"2007-10-15T14:03:54+00:00\" \/>\n<meta name=\"author\" content=\"correo\" \/>\n<meta name=\"twitter:card\" content=\"summary_large_image\" \/>\n<meta name=\"twitter:label1\" content=\"Escrito por\" \/>\n\t<meta name=\"twitter:data1\" content=\"correo\" \/>\n\t<meta name=\"twitter:label2\" content=\"Tiempo de lectura\" \/>\n\t<meta name=\"twitter:data2\" content=\"1 minuto\" \/>\n<script type=\"application\/ld+json\" class=\"yoast-schema-graph\">{\"@context\":\"https:\/\/schema.org\",\"@graph\":[{\"@type\":\"WebPage\",\"@id\":\"https:\/\/canal-literatura.es\/Apoesia3\/174-el-olvido-por-golem\/\",\"url\":\"https:\/\/canal-literatura.es\/Apoesia3\/174-el-olvido-por-golem\/\",\"name\":\"174- El Olvido. Por Golem - III Certamen Poemas Sin Rostro\",\"isPartOf\":{\"@id\":\"https:\/\/canal-literatura.es\/Apoesia3\/#website\"},\"datePublished\":\"2007-09-22T19:43:54+00:00\",\"dateModified\":\"2007-10-15T14:03:54+00:00\",\"author\":{\"@id\":\"https:\/\/canal-literatura.es\/Apoesia3\/#\/schema\/person\/0d6eef9b22d0797c13bc9e535eadc233\"},\"breadcrumb\":{\"@id\":\"https:\/\/canal-literatura.es\/Apoesia3\/174-el-olvido-por-golem\/#breadcrumb\"},\"inLanguage\":\"es\",\"potentialAction\":[{\"@type\":\"ReadAction\",\"target\":[\"https:\/\/canal-literatura.es\/Apoesia3\/174-el-olvido-por-golem\/\"]}]},{\"@type\":\"BreadcrumbList\",\"@id\":\"https:\/\/canal-literatura.es\/Apoesia3\/174-el-olvido-por-golem\/#breadcrumb\",\"itemListElement\":[{\"@type\":\"ListItem\",\"position\":1,\"name\":\"Portada\",\"item\":\"https:\/\/canal-literatura.es\/Apoesia3\/\"},{\"@type\":\"ListItem\",\"position\":2,\"name\":\"174- El Olvido. Por Golem\"}]},{\"@type\":\"WebSite\",\"@id\":\"https:\/\/canal-literatura.es\/Apoesia3\/#website\",\"url\":\"https:\/\/canal-literatura.es\/Apoesia3\/\",\"name\":\"III Certamen Poemas Sin Rostro\",\"description\":\"Web dedicada a los poemas, noticias, votaciones y todo lo relativo al III Certamen Poemas Sin Rostro\",\"potentialAction\":[{\"@type\":\"SearchAction\",\"target\":{\"@type\":\"EntryPoint\",\"urlTemplate\":\"https:\/\/canal-literatura.es\/Apoesia3\/?s={search_term_string}\"},\"query-input\":\"required name=search_term_string\"}],\"inLanguage\":\"es\"},{\"@type\":\"Person\",\"@id\":\"https:\/\/canal-literatura.es\/Apoesia3\/#\/schema\/person\/0d6eef9b22d0797c13bc9e535eadc233\",\"name\":\"correo\",\"sameAs\":[\"https:\/\/\"],\"url\":\"https:\/\/canal-literatura.es\/Apoesia3\/author\/admin\/\"}]}<\/script>\n<!-- \/ Yoast SEO plugin. -->","yoast_head_json":{"title":"174- El Olvido. Por Golem - III Certamen Poemas Sin Rostro","robots":{"index":"index","follow":"follow","max-snippet":"max-snippet:-1","max-image-preview":"max-image-preview:large","max-video-preview":"max-video-preview:-1"},"canonical":"https:\/\/canal-literatura.es\/Apoesia3\/174-el-olvido-por-golem\/","og_locale":"es_ES","og_type":"article","og_title":"174- El Olvido. Por Golem - III Certamen Poemas Sin Rostro","og_description":"\u00bfC\u00f3mo lograr olvidarte si tu recuerdo me acosa me abruma, me invade sacude y arroja? Leer m\u00e1s","og_url":"https:\/\/canal-literatura.es\/Apoesia3\/174-el-olvido-por-golem\/","og_site_name":"III Certamen Poemas Sin Rostro","article_published_time":"2007-09-22T19:43:54+00:00","article_modified_time":"2007-10-15T14:03:54+00:00","author":"correo","twitter_card":"summary_large_image","twitter_misc":{"Escrito por":"correo","Tiempo de lectura":"1 minuto"},"schema":{"@context":"https:\/\/schema.org","@graph":[{"@type":"WebPage","@id":"https:\/\/canal-literatura.es\/Apoesia3\/174-el-olvido-por-golem\/","url":"https:\/\/canal-literatura.es\/Apoesia3\/174-el-olvido-por-golem\/","name":"174- El Olvido. Por Golem - III Certamen Poemas Sin Rostro","isPartOf":{"@id":"https:\/\/canal-literatura.es\/Apoesia3\/#website"},"datePublished":"2007-09-22T19:43:54+00:00","dateModified":"2007-10-15T14:03:54+00:00","author":{"@id":"https:\/\/canal-literatura.es\/Apoesia3\/#\/schema\/person\/0d6eef9b22d0797c13bc9e535eadc233"},"breadcrumb":{"@id":"https:\/\/canal-literatura.es\/Apoesia3\/174-el-olvido-por-golem\/#breadcrumb"},"inLanguage":"es","potentialAction":[{"@type":"ReadAction","target":["https:\/\/canal-literatura.es\/Apoesia3\/174-el-olvido-por-golem\/"]}]},{"@type":"BreadcrumbList","@id":"https:\/\/canal-literatura.es\/Apoesia3\/174-el-olvido-por-golem\/#breadcrumb","itemListElement":[{"@type":"ListItem","position":1,"name":"Portada","item":"https:\/\/canal-literatura.es\/Apoesia3\/"},{"@type":"ListItem","position":2,"name":"174- El Olvido. Por Golem"}]},{"@type":"WebSite","@id":"https:\/\/canal-literatura.es\/Apoesia3\/#website","url":"https:\/\/canal-literatura.es\/Apoesia3\/","name":"III Certamen Poemas Sin Rostro","description":"Web dedicada a los poemas, noticias, votaciones y todo lo relativo al III Certamen Poemas Sin Rostro","potentialAction":[{"@type":"SearchAction","target":{"@type":"EntryPoint","urlTemplate":"https:\/\/canal-literatura.es\/Apoesia3\/?s={search_term_string}"},"query-input":"required name=search_term_string"}],"inLanguage":"es"},{"@type":"Person","@id":"https:\/\/canal-literatura.es\/Apoesia3\/#\/schema\/person\/0d6eef9b22d0797c13bc9e535eadc233","name":"correo","sameAs":["https:\/\/"],"url":"https:\/\/canal-literatura.es\/Apoesia3\/author\/admin\/"}]}},"amp_enabled":true,"_links":{"self":[{"href":"https:\/\/canal-literatura.es\/Apoesia3\/wp-json\/wp\/v2\/posts\/180"}],"collection":[{"href":"https:\/\/canal-literatura.es\/Apoesia3\/wp-json\/wp\/v2\/posts"}],"about":[{"href":"https:\/\/canal-literatura.es\/Apoesia3\/wp-json\/wp\/v2\/types\/post"}],"author":[{"embeddable":true,"href":"https:\/\/canal-literatura.es\/Apoesia3\/wp-json\/wp\/v2\/users\/1"}],"replies":[{"embeddable":true,"href":"https:\/\/canal-literatura.es\/Apoesia3\/wp-json\/wp\/v2\/comments?post=180"}],"version-history":[{"count":0,"href":"https:\/\/canal-literatura.es\/Apoesia3\/wp-json\/wp\/v2\/posts\/180\/revisions"}],"wp:attachment":[{"href":"https:\/\/canal-literatura.es\/Apoesia3\/wp-json\/wp\/v2\/media?parent=180"}],"wp:term":[{"taxonomy":"category","embeddable":true,"href":"https:\/\/canal-literatura.es\/Apoesia3\/wp-json\/wp\/v2\/categories?post=180"},{"taxonomy":"post_tag","embeddable":true,"href":"https:\/\/canal-literatura.es\/Apoesia3\/wp-json\/wp\/v2\/tags?post=180"}],"curies":[{"name":"wp","href":"https:\/\/api.w.org\/{rel}","templated":true}]}}