{"id":152,"date":"2007-09-16T10:26:49","date_gmt":"2007-09-16T08:26:49","guid":{"rendered":"https:\/\/canal-literatura.com\/Apoesia3\/?p=152"},"modified":"2007-10-15T16:25:21","modified_gmt":"2007-10-15T14:25:21","slug":"146-aquella-vez-por-corilda","status":"publish","type":"post","link":"https:\/\/canal-literatura.es\/Apoesia3\/146-aquella-vez-por-corilda\/","title":{"rendered":"146- Aquella vez. Por CORILDA"},"content":{"rendered":"<p>Aquella vez no tuve el acento certero para horadar la frente.<br \/>\nUnos peque\u00f1os r\u00edos de pl\u00e1stico surcaban la figura.<!--more--><br \/>\n\u00bfPorcelana fina o lat\u00f3n herrumbroso?<br \/>\nIncierto resulta el ritmo anfibol\u00f3gico,<br \/>\nel mensaje ocre que desprenden los quejidos.<\/p>\n<p>Nada m\u00e1s quisiera ser aventado por el aire,<br \/>\ndesprenderme de los retorcidos asimientos,<br \/>\nde los destinos no conformes, destructivos.<\/p>\n<p>Hay en el cesto de los papeles un coraz\u00f3n herido, azotado.<br \/>\nHay un pulso reventado, una zanja honda.<br \/>\nHay una procesi\u00f3n de hormigas ateridas, at\u00f3nitas,<br \/>\nsimulando sus perfectas alineaciones.<br \/>\nHay un disfraz encima de un perchero,<br \/>\ny un paraguas para un d\u00eda soleado.<br \/>\nHay una corbata negra pidiendo alternativa,<br \/>\ny un caballo brioso\u00a0 a la fuerza sujetado.<br \/>\nHay mares que perecen de sed,<br \/>\ny horas sin aliento.<\/p>\n<p>Mira la vuelta de nuevo de las hojas a los \u00e1rboles,<br \/>\ny c\u00f3mo la piel se eriza otra vez ante el aire de hielo.<br \/>\nMira c\u00f3mo los lentos tent\u00e1culos del sufrimiento<br \/>\nte envuelven con su manto suave,<br \/>\ny la angustia del aire ahoga el aliento.<br \/>\n\u00a1C\u00f3mo los d\u00edas son angostos, y su paso fatigoso!<\/p>\n<p>Y de nuevo vamos a construir castillos de ideas,<br \/>\nalabanzas de futuras recompensas,<br \/>\nde cuando pase el g\u00e9lido contacto del dolor,<br \/>\nde la pena honda, de los las afiladas dagas.<\/p>\n<p>El aire est\u00e1 envenenado de deseos hirvientes,<br \/>\nde esperanzas dormidas en trajes ajados,<br \/>\nde los viejos miedos irresolubles del hombre ante el tiempo,<br \/>\nante el camino que no cesa, el mundo que no se para.<br \/>\nLos afectos que se pierden en el rinc\u00f3n del olvido,<br \/>\nlos corazones despojados de furia y de coraza,<br \/>\nanhelando el nido c\u00e1lido de sol y risa,<br \/>\nde abrazos fundidos como anclas.<\/p>\n<p>En el rumor sosegado de la tarde,<br \/>\nno queda m\u00e1s que mirar al hondo espejo,<br \/>\ny ver los v\u00e9rtices de los errados destinos,<br \/>\nde las aflicciones propias.<br \/>\nY regresar, por fin despojado,<br \/>\nde los vanos trajes de porcelana rota,<br \/>\ndel vendaval de las cosas pasajeras,<br \/>\nde los relatos horadados por el tiempo.<br \/>\nNo hay consuelo, sino bandera blanquecina,<br \/>\nliturgia de afectos desprendida.<br \/>\nQuedar\u00e1 un quemaz\u00f3n sobre la mesa vac\u00eda,<br \/>\ny la estela de un hombre en busca de la vida.<\/p>\n","protected":false},"excerpt":{"rendered":"<p>Aquella vez no tuve el acento certero para horadar la frente. Unos peque\u00f1os r\u00edos de pl\u00e1stico surcaban la figura.<\/p>\n<p> <a class=\"continue-reading-link\" href=\"https:\/\/canal-literatura.es\/Apoesia3\/146-aquella-vez-por-corilda\/\"><span>Leer m\u00e1s<\/span><i class=\"crycon-right-dir\"><\/i><\/a> <\/p>\n","protected":false},"author":1,"featured_media":0,"comment_status":"open","ping_status":"open","sticky":false,"template":"","format":"standard","meta":[],"categories":[1],"tags":[],"yoast_head":"<!-- This site is optimized with the Yoast SEO plugin v19.13 - https:\/\/yoast.com\/wordpress\/plugins\/seo\/ -->\n<title>146- Aquella vez. Por CORILDA - III Certamen Poemas Sin Rostro<\/title>\n<meta name=\"robots\" content=\"index, follow, max-snippet:-1, max-image-preview:large, max-video-preview:-1\" \/>\n<link rel=\"canonical\" href=\"https:\/\/canal-literatura.es\/Apoesia3\/146-aquella-vez-por-corilda\/\" \/>\n<meta property=\"og:locale\" content=\"es_ES\" \/>\n<meta property=\"og:type\" content=\"article\" \/>\n<meta property=\"og:title\" content=\"146- Aquella vez. Por CORILDA - III Certamen Poemas Sin Rostro\" \/>\n<meta property=\"og:description\" content=\"Aquella vez no tuve el acento certero para horadar la frente. Unos peque\u00f1os r\u00edos de pl\u00e1stico surcaban la figura. Leer m\u00e1s\" \/>\n<meta property=\"og:url\" content=\"https:\/\/canal-literatura.es\/Apoesia3\/146-aquella-vez-por-corilda\/\" \/>\n<meta property=\"og:site_name\" content=\"III Certamen Poemas Sin Rostro\" \/>\n<meta property=\"article:published_time\" content=\"2007-09-16T08:26:49+00:00\" \/>\n<meta property=\"article:modified_time\" content=\"2007-10-15T14:25:21+00:00\" \/>\n<meta name=\"author\" content=\"correo\" \/>\n<meta name=\"twitter:card\" content=\"summary_large_image\" \/>\n<meta name=\"twitter:label1\" content=\"Escrito por\" \/>\n\t<meta name=\"twitter:data1\" content=\"correo\" \/>\n\t<meta name=\"twitter:label2\" content=\"Tiempo de lectura\" \/>\n\t<meta name=\"twitter:data2\" content=\"2 minutos\" \/>\n<script type=\"application\/ld+json\" class=\"yoast-schema-graph\">{\"@context\":\"https:\/\/schema.org\",\"@graph\":[{\"@type\":\"WebPage\",\"@id\":\"https:\/\/canal-literatura.es\/Apoesia3\/146-aquella-vez-por-corilda\/\",\"url\":\"https:\/\/canal-literatura.es\/Apoesia3\/146-aquella-vez-por-corilda\/\",\"name\":\"146- Aquella vez. Por CORILDA - III Certamen Poemas Sin Rostro\",\"isPartOf\":{\"@id\":\"https:\/\/canal-literatura.es\/Apoesia3\/#website\"},\"datePublished\":\"2007-09-16T08:26:49+00:00\",\"dateModified\":\"2007-10-15T14:25:21+00:00\",\"author\":{\"@id\":\"https:\/\/canal-literatura.es\/Apoesia3\/#\/schema\/person\/0d6eef9b22d0797c13bc9e535eadc233\"},\"breadcrumb\":{\"@id\":\"https:\/\/canal-literatura.es\/Apoesia3\/146-aquella-vez-por-corilda\/#breadcrumb\"},\"inLanguage\":\"es\",\"potentialAction\":[{\"@type\":\"ReadAction\",\"target\":[\"https:\/\/canal-literatura.es\/Apoesia3\/146-aquella-vez-por-corilda\/\"]}]},{\"@type\":\"BreadcrumbList\",\"@id\":\"https:\/\/canal-literatura.es\/Apoesia3\/146-aquella-vez-por-corilda\/#breadcrumb\",\"itemListElement\":[{\"@type\":\"ListItem\",\"position\":1,\"name\":\"Portada\",\"item\":\"https:\/\/canal-literatura.es\/Apoesia3\/\"},{\"@type\":\"ListItem\",\"position\":2,\"name\":\"146- Aquella vez. Por CORILDA\"}]},{\"@type\":\"WebSite\",\"@id\":\"https:\/\/canal-literatura.es\/Apoesia3\/#website\",\"url\":\"https:\/\/canal-literatura.es\/Apoesia3\/\",\"name\":\"III Certamen Poemas Sin Rostro\",\"description\":\"Web dedicada a los poemas, noticias, votaciones y todo lo relativo al III Certamen Poemas Sin Rostro\",\"potentialAction\":[{\"@type\":\"SearchAction\",\"target\":{\"@type\":\"EntryPoint\",\"urlTemplate\":\"https:\/\/canal-literatura.es\/Apoesia3\/?s={search_term_string}\"},\"query-input\":\"required name=search_term_string\"}],\"inLanguage\":\"es\"},{\"@type\":\"Person\",\"@id\":\"https:\/\/canal-literatura.es\/Apoesia3\/#\/schema\/person\/0d6eef9b22d0797c13bc9e535eadc233\",\"name\":\"correo\",\"sameAs\":[\"https:\/\/\"],\"url\":\"https:\/\/canal-literatura.es\/Apoesia3\/author\/admin\/\"}]}<\/script>\n<!-- \/ Yoast SEO plugin. -->","yoast_head_json":{"title":"146- Aquella vez. Por CORILDA - III Certamen Poemas Sin Rostro","robots":{"index":"index","follow":"follow","max-snippet":"max-snippet:-1","max-image-preview":"max-image-preview:large","max-video-preview":"max-video-preview:-1"},"canonical":"https:\/\/canal-literatura.es\/Apoesia3\/146-aquella-vez-por-corilda\/","og_locale":"es_ES","og_type":"article","og_title":"146- Aquella vez. Por CORILDA - III Certamen Poemas Sin Rostro","og_description":"Aquella vez no tuve el acento certero para horadar la frente. Unos peque\u00f1os r\u00edos de pl\u00e1stico surcaban la figura. Leer m\u00e1s","og_url":"https:\/\/canal-literatura.es\/Apoesia3\/146-aquella-vez-por-corilda\/","og_site_name":"III Certamen Poemas Sin Rostro","article_published_time":"2007-09-16T08:26:49+00:00","article_modified_time":"2007-10-15T14:25:21+00:00","author":"correo","twitter_card":"summary_large_image","twitter_misc":{"Escrito por":"correo","Tiempo de lectura":"2 minutos"},"schema":{"@context":"https:\/\/schema.org","@graph":[{"@type":"WebPage","@id":"https:\/\/canal-literatura.es\/Apoesia3\/146-aquella-vez-por-corilda\/","url":"https:\/\/canal-literatura.es\/Apoesia3\/146-aquella-vez-por-corilda\/","name":"146- Aquella vez. Por CORILDA - III Certamen Poemas Sin Rostro","isPartOf":{"@id":"https:\/\/canal-literatura.es\/Apoesia3\/#website"},"datePublished":"2007-09-16T08:26:49+00:00","dateModified":"2007-10-15T14:25:21+00:00","author":{"@id":"https:\/\/canal-literatura.es\/Apoesia3\/#\/schema\/person\/0d6eef9b22d0797c13bc9e535eadc233"},"breadcrumb":{"@id":"https:\/\/canal-literatura.es\/Apoesia3\/146-aquella-vez-por-corilda\/#breadcrumb"},"inLanguage":"es","potentialAction":[{"@type":"ReadAction","target":["https:\/\/canal-literatura.es\/Apoesia3\/146-aquella-vez-por-corilda\/"]}]},{"@type":"BreadcrumbList","@id":"https:\/\/canal-literatura.es\/Apoesia3\/146-aquella-vez-por-corilda\/#breadcrumb","itemListElement":[{"@type":"ListItem","position":1,"name":"Portada","item":"https:\/\/canal-literatura.es\/Apoesia3\/"},{"@type":"ListItem","position":2,"name":"146- Aquella vez. Por CORILDA"}]},{"@type":"WebSite","@id":"https:\/\/canal-literatura.es\/Apoesia3\/#website","url":"https:\/\/canal-literatura.es\/Apoesia3\/","name":"III Certamen Poemas Sin Rostro","description":"Web dedicada a los poemas, noticias, votaciones y todo lo relativo al III Certamen Poemas Sin Rostro","potentialAction":[{"@type":"SearchAction","target":{"@type":"EntryPoint","urlTemplate":"https:\/\/canal-literatura.es\/Apoesia3\/?s={search_term_string}"},"query-input":"required name=search_term_string"}],"inLanguage":"es"},{"@type":"Person","@id":"https:\/\/canal-literatura.es\/Apoesia3\/#\/schema\/person\/0d6eef9b22d0797c13bc9e535eadc233","name":"correo","sameAs":["https:\/\/"],"url":"https:\/\/canal-literatura.es\/Apoesia3\/author\/admin\/"}]}},"amp_enabled":true,"_links":{"self":[{"href":"https:\/\/canal-literatura.es\/Apoesia3\/wp-json\/wp\/v2\/posts\/152"}],"collection":[{"href":"https:\/\/canal-literatura.es\/Apoesia3\/wp-json\/wp\/v2\/posts"}],"about":[{"href":"https:\/\/canal-literatura.es\/Apoesia3\/wp-json\/wp\/v2\/types\/post"}],"author":[{"embeddable":true,"href":"https:\/\/canal-literatura.es\/Apoesia3\/wp-json\/wp\/v2\/users\/1"}],"replies":[{"embeddable":true,"href":"https:\/\/canal-literatura.es\/Apoesia3\/wp-json\/wp\/v2\/comments?post=152"}],"version-history":[{"count":0,"href":"https:\/\/canal-literatura.es\/Apoesia3\/wp-json\/wp\/v2\/posts\/152\/revisions"}],"wp:attachment":[{"href":"https:\/\/canal-literatura.es\/Apoesia3\/wp-json\/wp\/v2\/media?parent=152"}],"wp:term":[{"taxonomy":"category","embeddable":true,"href":"https:\/\/canal-literatura.es\/Apoesia3\/wp-json\/wp\/v2\/categories?post=152"},{"taxonomy":"post_tag","embeddable":true,"href":"https:\/\/canal-literatura.es\/Apoesia3\/wp-json\/wp\/v2\/tags?post=152"}],"curies":[{"name":"wp","href":"https:\/\/api.w.org\/{rel}","templated":true}]}}