{"id":117,"date":"2007-09-10T12:24:40","date_gmt":"2007-09-10T10:24:40","guid":{"rendered":"https:\/\/canal-literatura.com\/Apoesia3\/?p=117"},"modified":"2007-10-15T16:57:13","modified_gmt":"2007-10-15T14:57:13","slug":"111-solo-en-el-balcon%e2%80%a6-por-catalina","status":"publish","type":"post","link":"https:\/\/canal-literatura.es\/Apoesia3\/111-solo-en-el-balcon%e2%80%a6-por-catalina\/","title":{"rendered":"111- S\u00f3lo en el balc\u00f3n\u2026 Por Catalina"},"content":{"rendered":"<p>S\u00f3lo en balc\u00f3n se escuchan las risas ahogadas que llegan del cuarto contiguo.<br \/>\nLa de ella acerc\u00e1ndose por detr\u00e1s,<!--more--><br \/>\nacarici\u00e1ndole el cabello,<br \/>\nhaci\u00e9ndole sentir sus dedos largos y finos buscando el cuello,<br \/>\nel vello encanecido del pecho;\u00a0 el sexo.<br \/>\nUna especie de deseo desabotonador.<br \/>\nLe dice algo que \u00e9l no puede entender envuelto en la penumbra<br \/>\ndel primer gemido que penetra la\u00a0 ma\u00f1ana y en la sangre<br \/>\nagolpada en un \u00fanico punto palpitante y morado;\u00a0 casi negro.\u00a0<br \/>\n\u00c9l abre los ojos al bot\u00f3n de un seno que le apunta a los labios<br \/>\ny se le niega.<br \/>\nElla intenta\u2026<br \/>\nsingular posici\u00f3n de estiramiento sobre un\u00a0 mar de piel-piel,<br \/>\notra especie de deseo: calculado.<br \/>\nEl ritual de las caricias,\u00a0 el fr\u00edo de los pies, el calor de los labios.<br \/>\nCielo perseguido, atrapado,\u00a0 hundido entre pliegues resbalosos<br \/>\ny \u00e1cidos.<br \/>\nTelas que se quejan.\u00a0 Paredes que se expanden.\u00a0<br \/>\nConfusi\u00f3n de brazostorsos, de besosmanos,\u00a0\u00a0<br \/>\ncomo cuerpos reci\u00e9n inventados,<br \/>\ncamuflados \u2026inm\u00f3viles \u2026silenciados.<br \/>\nFusi\u00f3n: esa dulceamarga percepci\u00f3n de los amantes.<\/p>\n","protected":false},"excerpt":{"rendered":"<p>S\u00f3lo en balc\u00f3n se escuchan las risas ahogadas que llegan del cuarto contiguo. La de ella acerc\u00e1ndose por detr\u00e1s,<\/p>\n<p> <a class=\"continue-reading-link\" href=\"https:\/\/canal-literatura.es\/Apoesia3\/111-solo-en-el-balcon%e2%80%a6-por-catalina\/\"><span>Leer m\u00e1s<\/span><i class=\"crycon-right-dir\"><\/i><\/a> <\/p>\n","protected":false},"author":1,"featured_media":0,"comment_status":"open","ping_status":"open","sticky":false,"template":"","format":"standard","meta":[],"categories":[1],"tags":[],"yoast_head":"<!-- This site is optimized with the Yoast SEO plugin v19.13 - https:\/\/yoast.com\/wordpress\/plugins\/seo\/ -->\n<title>111- S\u00f3lo en el balc\u00f3n\u2026 Por Catalina - III Certamen Poemas Sin Rostro<\/title>\n<meta name=\"robots\" content=\"index, follow, max-snippet:-1, max-image-preview:large, max-video-preview:-1\" \/>\n<link rel=\"canonical\" href=\"https:\/\/canal-literatura.es\/Apoesia3\/111-solo-en-el-balcon\u2026-por-catalina\/\" \/>\n<meta property=\"og:locale\" content=\"es_ES\" \/>\n<meta property=\"og:type\" content=\"article\" \/>\n<meta property=\"og:title\" content=\"111- S\u00f3lo en el balc\u00f3n\u2026 Por Catalina - III Certamen Poemas Sin Rostro\" \/>\n<meta property=\"og:description\" content=\"S\u00f3lo en balc\u00f3n se escuchan las risas ahogadas que llegan del cuarto contiguo. La de ella acerc\u00e1ndose por detr\u00e1s, Leer m\u00e1s\" \/>\n<meta property=\"og:url\" content=\"https:\/\/canal-literatura.es\/Apoesia3\/111-solo-en-el-balcon\u2026-por-catalina\/\" \/>\n<meta property=\"og:site_name\" content=\"III Certamen Poemas Sin Rostro\" \/>\n<meta property=\"article:published_time\" content=\"2007-09-10T10:24:40+00:00\" \/>\n<meta property=\"article:modified_time\" content=\"2007-10-15T14:57:13+00:00\" \/>\n<meta name=\"author\" content=\"correo\" \/>\n<meta name=\"twitter:card\" content=\"summary_large_image\" \/>\n<meta name=\"twitter:label1\" content=\"Escrito por\" \/>\n\t<meta name=\"twitter:data1\" content=\"correo\" \/>\n\t<meta name=\"twitter:label2\" content=\"Tiempo de lectura\" \/>\n\t<meta name=\"twitter:data2\" content=\"1 minuto\" \/>\n<script type=\"application\/ld+json\" class=\"yoast-schema-graph\">{\"@context\":\"https:\/\/schema.org\",\"@graph\":[{\"@type\":\"WebPage\",\"@id\":\"https:\/\/canal-literatura.es\/Apoesia3\/111-solo-en-el-balcon%e2%80%a6-por-catalina\/\",\"url\":\"https:\/\/canal-literatura.es\/Apoesia3\/111-solo-en-el-balcon%e2%80%a6-por-catalina\/\",\"name\":\"111- S\u00f3lo en el balc\u00f3n\u2026 Por Catalina - III Certamen Poemas Sin Rostro\",\"isPartOf\":{\"@id\":\"https:\/\/canal-literatura.es\/Apoesia3\/#website\"},\"datePublished\":\"2007-09-10T10:24:40+00:00\",\"dateModified\":\"2007-10-15T14:57:13+00:00\",\"author\":{\"@id\":\"https:\/\/canal-literatura.es\/Apoesia3\/#\/schema\/person\/0d6eef9b22d0797c13bc9e535eadc233\"},\"breadcrumb\":{\"@id\":\"https:\/\/canal-literatura.es\/Apoesia3\/111-solo-en-el-balcon%e2%80%a6-por-catalina\/#breadcrumb\"},\"inLanguage\":\"es\",\"potentialAction\":[{\"@type\":\"ReadAction\",\"target\":[\"https:\/\/canal-literatura.es\/Apoesia3\/111-solo-en-el-balcon%e2%80%a6-por-catalina\/\"]}]},{\"@type\":\"BreadcrumbList\",\"@id\":\"https:\/\/canal-literatura.es\/Apoesia3\/111-solo-en-el-balcon%e2%80%a6-por-catalina\/#breadcrumb\",\"itemListElement\":[{\"@type\":\"ListItem\",\"position\":1,\"name\":\"Portada\",\"item\":\"https:\/\/canal-literatura.es\/Apoesia3\/\"},{\"@type\":\"ListItem\",\"position\":2,\"name\":\"111- S\u00f3lo en el balc\u00f3n\u2026 Por Catalina\"}]},{\"@type\":\"WebSite\",\"@id\":\"https:\/\/canal-literatura.es\/Apoesia3\/#website\",\"url\":\"https:\/\/canal-literatura.es\/Apoesia3\/\",\"name\":\"III Certamen Poemas Sin Rostro\",\"description\":\"Web dedicada a los poemas, noticias, votaciones y todo lo relativo al III Certamen Poemas Sin Rostro\",\"potentialAction\":[{\"@type\":\"SearchAction\",\"target\":{\"@type\":\"EntryPoint\",\"urlTemplate\":\"https:\/\/canal-literatura.es\/Apoesia3\/?s={search_term_string}\"},\"query-input\":\"required name=search_term_string\"}],\"inLanguage\":\"es\"},{\"@type\":\"Person\",\"@id\":\"https:\/\/canal-literatura.es\/Apoesia3\/#\/schema\/person\/0d6eef9b22d0797c13bc9e535eadc233\",\"name\":\"correo\",\"sameAs\":[\"https:\/\/\"],\"url\":\"https:\/\/canal-literatura.es\/Apoesia3\/author\/admin\/\"}]}<\/script>\n<!-- \/ Yoast SEO plugin. -->","yoast_head_json":{"title":"111- S\u00f3lo en el balc\u00f3n\u2026 Por Catalina - III Certamen Poemas Sin Rostro","robots":{"index":"index","follow":"follow","max-snippet":"max-snippet:-1","max-image-preview":"max-image-preview:large","max-video-preview":"max-video-preview:-1"},"canonical":"https:\/\/canal-literatura.es\/Apoesia3\/111-solo-en-el-balcon\u2026-por-catalina\/","og_locale":"es_ES","og_type":"article","og_title":"111- S\u00f3lo en el balc\u00f3n\u2026 Por Catalina - III Certamen Poemas Sin Rostro","og_description":"S\u00f3lo en balc\u00f3n se escuchan las risas ahogadas que llegan del cuarto contiguo. La de ella acerc\u00e1ndose por detr\u00e1s, Leer m\u00e1s","og_url":"https:\/\/canal-literatura.es\/Apoesia3\/111-solo-en-el-balcon\u2026-por-catalina\/","og_site_name":"III Certamen Poemas Sin Rostro","article_published_time":"2007-09-10T10:24:40+00:00","article_modified_time":"2007-10-15T14:57:13+00:00","author":"correo","twitter_card":"summary_large_image","twitter_misc":{"Escrito por":"correo","Tiempo de lectura":"1 minuto"},"schema":{"@context":"https:\/\/schema.org","@graph":[{"@type":"WebPage","@id":"https:\/\/canal-literatura.es\/Apoesia3\/111-solo-en-el-balcon%e2%80%a6-por-catalina\/","url":"https:\/\/canal-literatura.es\/Apoesia3\/111-solo-en-el-balcon%e2%80%a6-por-catalina\/","name":"111- S\u00f3lo en el balc\u00f3n\u2026 Por Catalina - III Certamen Poemas Sin Rostro","isPartOf":{"@id":"https:\/\/canal-literatura.es\/Apoesia3\/#website"},"datePublished":"2007-09-10T10:24:40+00:00","dateModified":"2007-10-15T14:57:13+00:00","author":{"@id":"https:\/\/canal-literatura.es\/Apoesia3\/#\/schema\/person\/0d6eef9b22d0797c13bc9e535eadc233"},"breadcrumb":{"@id":"https:\/\/canal-literatura.es\/Apoesia3\/111-solo-en-el-balcon%e2%80%a6-por-catalina\/#breadcrumb"},"inLanguage":"es","potentialAction":[{"@type":"ReadAction","target":["https:\/\/canal-literatura.es\/Apoesia3\/111-solo-en-el-balcon%e2%80%a6-por-catalina\/"]}]},{"@type":"BreadcrumbList","@id":"https:\/\/canal-literatura.es\/Apoesia3\/111-solo-en-el-balcon%e2%80%a6-por-catalina\/#breadcrumb","itemListElement":[{"@type":"ListItem","position":1,"name":"Portada","item":"https:\/\/canal-literatura.es\/Apoesia3\/"},{"@type":"ListItem","position":2,"name":"111- S\u00f3lo en el balc\u00f3n\u2026 Por Catalina"}]},{"@type":"WebSite","@id":"https:\/\/canal-literatura.es\/Apoesia3\/#website","url":"https:\/\/canal-literatura.es\/Apoesia3\/","name":"III Certamen Poemas Sin Rostro","description":"Web dedicada a los poemas, noticias, votaciones y todo lo relativo al III Certamen Poemas Sin Rostro","potentialAction":[{"@type":"SearchAction","target":{"@type":"EntryPoint","urlTemplate":"https:\/\/canal-literatura.es\/Apoesia3\/?s={search_term_string}"},"query-input":"required name=search_term_string"}],"inLanguage":"es"},{"@type":"Person","@id":"https:\/\/canal-literatura.es\/Apoesia3\/#\/schema\/person\/0d6eef9b22d0797c13bc9e535eadc233","name":"correo","sameAs":["https:\/\/"],"url":"https:\/\/canal-literatura.es\/Apoesia3\/author\/admin\/"}]}},"amp_enabled":true,"_links":{"self":[{"href":"https:\/\/canal-literatura.es\/Apoesia3\/wp-json\/wp\/v2\/posts\/117"}],"collection":[{"href":"https:\/\/canal-literatura.es\/Apoesia3\/wp-json\/wp\/v2\/posts"}],"about":[{"href":"https:\/\/canal-literatura.es\/Apoesia3\/wp-json\/wp\/v2\/types\/post"}],"author":[{"embeddable":true,"href":"https:\/\/canal-literatura.es\/Apoesia3\/wp-json\/wp\/v2\/users\/1"}],"replies":[{"embeddable":true,"href":"https:\/\/canal-literatura.es\/Apoesia3\/wp-json\/wp\/v2\/comments?post=117"}],"version-history":[{"count":0,"href":"https:\/\/canal-literatura.es\/Apoesia3\/wp-json\/wp\/v2\/posts\/117\/revisions"}],"wp:attachment":[{"href":"https:\/\/canal-literatura.es\/Apoesia3\/wp-json\/wp\/v2\/media?parent=117"}],"wp:term":[{"taxonomy":"category","embeddable":true,"href":"https:\/\/canal-literatura.es\/Apoesia3\/wp-json\/wp\/v2\/categories?post=117"},{"taxonomy":"post_tag","embeddable":true,"href":"https:\/\/canal-literatura.es\/Apoesia3\/wp-json\/wp\/v2\/tags?post=117"}],"curies":[{"name":"wp","href":"https:\/\/api.w.org\/{rel}","templated":true}]}}